{"id":54979,"date":"2025-01-09T13:25:58","date_gmt":"2025-01-09T13:25:58","guid":{"rendered":"https:\/\/observatorio-democracia.pt\/?p=54979"},"modified":"2025-01-09T13:39:00","modified_gmt":"2025-01-09T13:39:00","slug":"contested-solidarities-contentious-politics-between-resistance-backlash-and-change","status":"publish","type":"post","link":"https:\/\/observatorio-democracia.pt\/en\/contested-solidarities-contentious-politics-between-resistance-backlash-and-change\/","title":{"rendered":"Contested Solidarities: Contentious Politics Between Resistance, Backlash and Change"},"content":{"rendered":"\t\t<div data-elementor-type=\"wp-post\" data-elementor-id=\"54979\" class=\"elementor elementor-54979 elementor-54978\" data-elementor-post-type=\"post\">\n\t\t\t\t\t\t<section class=\"elementor-section elementor-top-section elementor-element elementor-element-7bb04620 elementor-section-boxed elementor-section-height-default elementor-section-height-default\" data-id=\"7bb04620\" data-element_type=\"section\">\n\t\t\t\t\t\t<div class=\"elementor-container elementor-column-gap-default\">\n\t\t\t\t\t<div class=\"elementor-column elementor-col-100 elementor-top-column elementor-element elementor-element-3dff1f48\" data-id=\"3dff1f48\" data-element_type=\"column\">\n\t\t\t<div class=\"elementor-widget-wrap elementor-element-populated\">\n\t\t\t\t\t\t<div class=\"elementor-element elementor-element-34f7f235 elementor-widget elementor-widget-text-editor\" data-id=\"34f7f235\" data-element_type=\"widget\" data-widget_type=\"text-editor.default\">\n\t\t\t\t<div class=\"elementor-widget-container\">\n\t\t\t\t\t\t\t\t\t<p><strong>Contested Solidarities: Contentious Politics Between Resistance, Backlash and Change<\/strong><\/p><p>From June 16 to 18, 2025, the conference &#8220;Contested Solidarities: Contentious Politics Between Resistance, Backlash and Change&#8221; will take place at the Central European University, Vienna. The conference has already confirmed the participation of Professor Margit Mayer for the opening lecture and a panel session on academic journal publishing in the field of social movement research, organized by Social Movement Studies, Partecipazione e Conflitto &amp; Mobilization. The conference is free for paper presenters but asks for a small contribution of \u20ac70 for co-authors and\/or co-presenters.<\/p><p>The period for submitting work proposals within the two discussion axes is now open: 1) &#8220;Solidarity as a Tool of Resistance,&#8221; examining how actions of solidarity within and across social movements seek to confront norms, rules, and events deemed unjust; 2) &#8220;Delegitimization of Solidarity,&#8221; addressing counter-mobilizations, counter-protests, and\/or counter-actions aimed at discrediting or suppressing solidarity efforts.<\/p><p>Abstract submissions must be made by February 20, with a maximum of 250 words and the indication of five keywords, through the online form at this<a href=\"https:\/\/forms.office.com\/e\/HVdymdCXPs\"> link<\/a>. The selection results of the accepted abstracts will be announced by March 20. Conference registration must be completed by April 4, 2025.<\/p><p>The conference &#8220;Contested Solidarities: Contentious Politics Between Resistance, Backlash and Change&#8221; is organized by ESA Research Network 25 on Social Movements; ECPR Standing Group on Participation and Mobilization; CES Research Network on Social Movements; Shattuck Center for Human Rights at Central European University; Department of Public Policy, Central European University.<\/p><p><strong>Important Dates:<\/strong><\/p><ul><li>Abstract submission: by February 20, 2025 (max. 250 words + 5 keywords).<\/li><li>Selection results: by March 20, 2025.<\/li><li>Registration: by April 4, 2025.<\/li><\/ul><p><strong>Submission Procedure:<\/strong><\/p><ul><li>Submit abstracts via the <a href=\"https:\/\/forms.office.com\/e\/HVdymdCXPs\">online form<\/a>.<\/li><li>Contact:\u00a0<a class=\"fui-Link ___140mk30 f2hkw1w f3rmtva f1ewtqcl fyind8e f1k6fduh f1w7gpdv fk6fouc fjoy568 flh3ekv f1s184ao f1mk8lai fnbmjn9 f1o700av f13mvf36 f1cmlufx f9n3di6 f1ids18y f1tx3yz7 f1deo86v f1eh06m1 f1iescvh fhgqx19 f1olyrje f1p93eir f1nev41a\" tabindex=\"0\" href=\"mailto:contestedsolidarities@ceu.edu\" target=\"_blank\" rel=\"noopener\">contestedsolidarities@ceu.edu<\/a><\/li><\/ul>\t\t\t\t\t\t\t\t<\/div>\n\t\t\t\t<\/div>\n\t\t\t\t\t<\/div>\n\t\t<\/div>\n\t\t\t\t\t<\/div>\n\t\t<\/section>\n\t\t\t\t<\/div>\n\t\t","protected":false},"excerpt":{"rendered":"<p>From June 16 to 18, 2025, the conference &#8220;Contested Solidarities: Contentious Politics Between Resistance, Backlash and Change&#8221; will take place at the Central European University, Vienna.<\/p>\n","protected":false},"author":2,"featured_media":54981,"comment_status":"closed","ping_status":"closed","sticky":false,"template":"","format":"standard","meta":{"footnotes":""},"categories":[316],"tags":[],"class_list":["post-54979","post","type-post","status-publish","format-standard","has-post-thumbnail","hentry","category-noticias-en"],"yoast_head":"<!-- This site is optimized with the Yoast SEO plugin v24.7 - https:\/\/yoast.com\/wordpress\/plugins\/seo\/ -->\n<title>Contested Solidarities | ODRP<\/title>\n<meta name=\"description\" content=\"From June 16 to 18, 2025, the conference &quot;Contested Solidarities: Contentious Politics Between Resistance, Backlash and Change&quot;\" \/>\n<meta name=\"robots\" content=\"index, follow, max-snippet:-1, max-image-preview:large, max-video-preview:-1\" \/>\n<link rel=\"canonical\" href=\"https:\/\/observatorio-democracia.pt\/en\/contested-solidarities-contentious-politics-between-resistance-backlash-and-change\/\" \/>\n<meta property=\"og:locale\" content=\"en_US\" \/>\n<meta property=\"og:type\" content=\"article\" \/>\n<meta property=\"og:title\" content=\"Contested Solidarities | ODRP\" \/>\n<meta property=\"og:description\" content=\"From June 16 to 18, 2025, the conference &quot;Contested Solidarities: Contentious Politics Between Resistance, Backlash and Change&quot;\" \/>\n<meta property=\"og:url\" content=\"https:\/\/observatorio-democracia.pt\/en\/contested-solidarities-contentious-politics-between-resistance-backlash-and-change\/\" \/>\n<meta property=\"og:site_name\" content=\"Observat\u00f3rio da Democracia e da Representa\u00e7\u00e3o Pol\u00edtica\" \/>\n<meta property=\"article:publisher\" content=\"https:\/\/www.facebook.com\/observatorio.democracia.representacao.politica\" \/>\n<meta property=\"article:published_time\" content=\"2025-01-09T13:25:58+00:00\" \/>\n<meta property=\"article:modified_time\" content=\"2025-01-09T13:39:00+00:00\" \/>\n<meta property=\"og:image\" content=\"https:\/\/observatorio-democracia.pt\/wp-content\/uploads\/2025\/01\/imagem-megafone-protesto-e1736429425528.jpg\" \/>\n\t<meta property=\"og:image:width\" content=\"1024\" \/>\n\t<meta property=\"og:image:height\" content=\"1024\" \/>\n\t<meta property=\"og:image:type\" content=\"image\/jpeg\" \/>\n<meta name=\"author\" content=\"ObservatorioDemocracia-Team\" \/>\n<meta name=\"twitter:card\" content=\"summary_large_image\" \/>\n<meta name=\"twitter:creator\" content=\"@Observatorioda4\" \/>\n<meta name=\"twitter:site\" content=\"@Observatorioda4\" \/>\n<meta name=\"twitter:label1\" content=\"Written by\" \/>\n\t<meta name=\"twitter:data1\" content=\"ObservatorioDemocracia-Team\" \/>\n\t<meta name=\"twitter:label2\" content=\"Est. reading time\" \/>\n\t<meta name=\"twitter:data2\" content=\"2 minutes\" \/>\n<script type=\"application\/ld+json\" class=\"yoast-schema-graph\">{\"@context\":\"https:\/\/schema.org\",\"@graph\":[{\"@type\":\"Article\",\"@id\":\"https:\/\/observatorio-democracia.pt\/en\/contested-solidarities-contentious-politics-between-resistance-backlash-and-change\/#article\",\"isPartOf\":{\"@id\":\"https:\/\/observatorio-democracia.pt\/en\/contested-solidarities-contentious-politics-between-resistance-backlash-and-change\/\"},\"author\":{\"name\":\"ObservatorioDemocracia-Team\",\"@id\":\"https:\/\/observatorio-democracia.pt\/en\/#\/schema\/person\/ab1878e95a55730f5159ccf3d9ba4ba7\"},\"headline\":\"Contested Solidarities: Contentious Politics Between Resistance, Backlash and Change\",\"datePublished\":\"2025-01-09T13:25:58+00:00\",\"dateModified\":\"2025-01-09T13:39:00+00:00\",\"mainEntityOfPage\":{\"@id\":\"https:\/\/observatorio-democracia.pt\/en\/contested-solidarities-contentious-politics-between-resistance-backlash-and-change\/\"},\"wordCount\":276,\"publisher\":{\"@id\":\"https:\/\/observatorio-democracia.pt\/en\/#organization\"},\"image\":{\"@id\":\"https:\/\/observatorio-democracia.pt\/en\/contested-solidarities-contentious-politics-between-resistance-backlash-and-change\/#primaryimage\"},\"thumbnailUrl\":\"https:\/\/observatorio-democracia.pt\/wp-content\/uploads\/2025\/01\/imagem-megafone-protesto-e1736429425528.jpg\",\"articleSection\":[\"News\"],\"inLanguage\":\"en-US\"},{\"@type\":\"WebPage\",\"@id\":\"https:\/\/observatorio-democracia.pt\/en\/contested-solidarities-contentious-politics-between-resistance-backlash-and-change\/\",\"url\":\"https:\/\/observatorio-democracia.pt\/en\/contested-solidarities-contentious-politics-between-resistance-backlash-and-change\/\",\"name\":\"Contested Solidarities | ODRP\",\"isPartOf\":{\"@id\":\"https:\/\/observatorio-democracia.pt\/en\/#website\"},\"primaryImageOfPage\":{\"@id\":\"https:\/\/observatorio-democracia.pt\/en\/contested-solidarities-contentious-politics-between-resistance-backlash-and-change\/#primaryimage\"},\"image\":{\"@id\":\"https:\/\/observatorio-democracia.pt\/en\/contested-solidarities-contentious-politics-between-resistance-backlash-and-change\/#primaryimage\"},\"thumbnailUrl\":\"https:\/\/observatorio-democracia.pt\/wp-content\/uploads\/2025\/01\/imagem-megafone-protesto-e1736429425528.jpg\",\"datePublished\":\"2025-01-09T13:25:58+00:00\",\"dateModified\":\"2025-01-09T13:39:00+00:00\",\"description\":\"From June 16 to 18, 2025, the conference \\\"Contested Solidarities: Contentious Politics Between Resistance, Backlash and Change\\\"\",\"breadcrumb\":{\"@id\":\"https:\/\/observatorio-democracia.pt\/en\/contested-solidarities-contentious-politics-between-resistance-backlash-and-change\/#breadcrumb\"},\"inLanguage\":\"en-US\",\"potentialAction\":[{\"@type\":\"ReadAction\",\"target\":[\"https:\/\/observatorio-democracia.pt\/en\/contested-solidarities-contentious-politics-between-resistance-backlash-and-change\/\"]}]},{\"@type\":\"ImageObject\",\"inLanguage\":\"en-US\",\"@id\":\"https:\/\/observatorio-democracia.pt\/en\/contested-solidarities-contentious-politics-between-resistance-backlash-and-change\/#primaryimage\",\"url\":\"https:\/\/observatorio-democracia.pt\/wp-content\/uploads\/2025\/01\/imagem-megafone-protesto-e1736429425528.jpg\",\"contentUrl\":\"https:\/\/observatorio-democracia.pt\/wp-content\/uploads\/2025\/01\/imagem-megafone-protesto-e1736429425528.jpg\",\"width\":1024,\"height\":1024},{\"@type\":\"BreadcrumbList\",\"@id\":\"https:\/\/observatorio-democracia.pt\/en\/contested-solidarities-contentious-politics-between-resistance-backlash-and-change\/#breadcrumb\",\"itemListElement\":[{\"@type\":\"ListItem\",\"position\":1,\"name\":\"In\u00edcio\",\"item\":\"https:\/\/observatorio-democracia.pt\/en\/\"},{\"@type\":\"ListItem\",\"position\":2,\"name\":\"Contested Solidarities: Contentious Politics Between Resistance, Backlash and Change\"}]},{\"@type\":\"WebSite\",\"@id\":\"https:\/\/observatorio-democracia.pt\/en\/#website\",\"url\":\"https:\/\/observatorio-democracia.pt\/en\/\",\"name\":\"Observat\u00f3rio da Democracia e da Representa\u00e7\u00e3o Pol\u00edtica\",\"description\":\"Um bem para a Cidadania\",\"publisher\":{\"@id\":\"https:\/\/observatorio-democracia.pt\/en\/#organization\"},\"potentialAction\":[{\"@type\":\"SearchAction\",\"target\":{\"@type\":\"EntryPoint\",\"urlTemplate\":\"https:\/\/observatorio-democracia.pt\/en\/?s={search_term_string}\"},\"query-input\":{\"@type\":\"PropertyValueSpecification\",\"valueRequired\":true,\"valueName\":\"search_term_string\"}}],\"inLanguage\":\"en-US\"},{\"@type\":\"Organization\",\"@id\":\"https:\/\/observatorio-democracia.pt\/en\/#organization\",\"name\":\"Observat\u00f3rio da Democracia e da Representa\u00e7\u00e3o Pol\u00edtica\",\"url\":\"https:\/\/observatorio-democracia.pt\/en\/\",\"logo\":{\"@type\":\"ImageObject\",\"inLanguage\":\"en-US\",\"@id\":\"https:\/\/observatorio-democracia.pt\/en\/#\/schema\/logo\/image\/\",\"url\":\"https:\/\/observatorio-democracia.pt\/wp-content\/uploads\/2022\/04\/logo-observatorio-democracia-forms.jpg\",\"contentUrl\":\"https:\/\/observatorio-democracia.pt\/wp-content\/uploads\/2022\/04\/logo-observatorio-democracia-forms.jpg\",\"width\":400,\"height\":98,\"caption\":\"Observat\u00f3rio da Democracia e da Representa\u00e7\u00e3o Pol\u00edtica\"},\"image\":{\"@id\":\"https:\/\/observatorio-democracia.pt\/en\/#\/schema\/logo\/image\/\"},\"sameAs\":[\"https:\/\/www.facebook.com\/observatorio.democracia.representacao.politica\",\"https:\/\/x.com\/Observatorioda4\",\"https:\/\/www.instagram.com\/observatoriodrp\/\"]},{\"@type\":\"Person\",\"@id\":\"https:\/\/observatorio-democracia.pt\/en\/#\/schema\/person\/ab1878e95a55730f5159ccf3d9ba4ba7\",\"name\":\"ObservatorioDemocracia-Team\",\"image\":{\"@type\":\"ImageObject\",\"inLanguage\":\"en-US\",\"@id\":\"https:\/\/observatorio-democracia.pt\/en\/#\/schema\/person\/image\/\",\"url\":\"https:\/\/secure.gravatar.com\/avatar\/98987b478dfed6e66b65e1d8a5ebf79d?s=96&d=mm&r=g\",\"contentUrl\":\"https:\/\/secure.gravatar.com\/avatar\/98987b478dfed6e66b65e1d8a5ebf79d?s=96&d=mm&r=g\",\"caption\":\"ObservatorioDemocracia-Team\"},\"url\":\"https:\/\/observatorio-democracia.pt\/en\/author\/observatoriodemocracia-team\/\"}]}<\/script>\n<!-- \/ Yoast SEO plugin. -->","yoast_head_json":{"title":"Contested Solidarities | ODRP","description":"From June 16 to 18, 2025, the conference \"Contested Solidarities: Contentious Politics Between Resistance, Backlash and Change\"","robots":{"index":"index","follow":"follow","max-snippet":"max-snippet:-1","max-image-preview":"max-image-preview:large","max-video-preview":"max-video-preview:-1"},"canonical":"https:\/\/observatorio-democracia.pt\/en\/contested-solidarities-contentious-politics-between-resistance-backlash-and-change\/","og_locale":"en_US","og_type":"article","og_title":"Contested Solidarities | ODRP","og_description":"From June 16 to 18, 2025, the conference \"Contested Solidarities: Contentious Politics Between Resistance, Backlash and Change\"","og_url":"https:\/\/observatorio-democracia.pt\/en\/contested-solidarities-contentious-politics-between-resistance-backlash-and-change\/","og_site_name":"Observat\u00f3rio da Democracia e da Representa\u00e7\u00e3o Pol\u00edtica","article_publisher":"https:\/\/www.facebook.com\/observatorio.democracia.representacao.politica","article_published_time":"2025-01-09T13:25:58+00:00","article_modified_time":"2025-01-09T13:39:00+00:00","og_image":[{"width":1024,"height":1024,"url":"https:\/\/observatorio-democracia.pt\/wp-content\/uploads\/2025\/01\/imagem-megafone-protesto-e1736429425528.jpg","type":"image\/jpeg"}],"author":"ObservatorioDemocracia-Team","twitter_card":"summary_large_image","twitter_creator":"@Observatorioda4","twitter_site":"@Observatorioda4","twitter_misc":{"Written by":"ObservatorioDemocracia-Team","Est. reading time":"2 minutes"},"schema":{"@context":"https:\/\/schema.org","@graph":[{"@type":"Article","@id":"https:\/\/observatorio-democracia.pt\/en\/contested-solidarities-contentious-politics-between-resistance-backlash-and-change\/#article","isPartOf":{"@id":"https:\/\/observatorio-democracia.pt\/en\/contested-solidarities-contentious-politics-between-resistance-backlash-and-change\/"},"author":{"name":"ObservatorioDemocracia-Team","@id":"https:\/\/observatorio-democracia.pt\/en\/#\/schema\/person\/ab1878e95a55730f5159ccf3d9ba4ba7"},"headline":"Contested Solidarities: Contentious Politics Between Resistance, Backlash and Change","datePublished":"2025-01-09T13:25:58+00:00","dateModified":"2025-01-09T13:39:00+00:00","mainEntityOfPage":{"@id":"https:\/\/observatorio-democracia.pt\/en\/contested-solidarities-contentious-politics-between-resistance-backlash-and-change\/"},"wordCount":276,"publisher":{"@id":"https:\/\/observatorio-democracia.pt\/en\/#organization"},"image":{"@id":"https:\/\/observatorio-democracia.pt\/en\/contested-solidarities-contentious-politics-between-resistance-backlash-and-change\/#primaryimage"},"thumbnailUrl":"https:\/\/observatorio-democracia.pt\/wp-content\/uploads\/2025\/01\/imagem-megafone-protesto-e1736429425528.jpg","articleSection":["News"],"inLanguage":"en-US"},{"@type":"WebPage","@id":"https:\/\/observatorio-democracia.pt\/en\/contested-solidarities-contentious-politics-between-resistance-backlash-and-change\/","url":"https:\/\/observatorio-democracia.pt\/en\/contested-solidarities-contentious-politics-between-resistance-backlash-and-change\/","name":"Contested Solidarities | ODRP","isPartOf":{"@id":"https:\/\/observatorio-democracia.pt\/en\/#website"},"primaryImageOfPage":{"@id":"https:\/\/observatorio-democracia.pt\/en\/contested-solidarities-contentious-politics-between-resistance-backlash-and-change\/#primaryimage"},"image":{"@id":"https:\/\/observatorio-democracia.pt\/en\/contested-solidarities-contentious-politics-between-resistance-backlash-and-change\/#primaryimage"},"thumbnailUrl":"https:\/\/observatorio-democracia.pt\/wp-content\/uploads\/2025\/01\/imagem-megafone-protesto-e1736429425528.jpg","datePublished":"2025-01-09T13:25:58+00:00","dateModified":"2025-01-09T13:39:00+00:00","description":"From June 16 to 18, 2025, the conference \"Contested Solidarities: Contentious Politics Between Resistance, Backlash and Change\"","breadcrumb":{"@id":"https:\/\/observatorio-democracia.pt\/en\/contested-solidarities-contentious-politics-between-resistance-backlash-and-change\/#breadcrumb"},"inLanguage":"en-US","potentialAction":[{"@type":"ReadAction","target":["https:\/\/observatorio-democracia.pt\/en\/contested-solidarities-contentious-politics-between-resistance-backlash-and-change\/"]}]},{"@type":"ImageObject","inLanguage":"en-US","@id":"https:\/\/observatorio-democracia.pt\/en\/contested-solidarities-contentious-politics-between-resistance-backlash-and-change\/#primaryimage","url":"https:\/\/observatorio-democracia.pt\/wp-content\/uploads\/2025\/01\/imagem-megafone-protesto-e1736429425528.jpg","contentUrl":"https:\/\/observatorio-democracia.pt\/wp-content\/uploads\/2025\/01\/imagem-megafone-protesto-e1736429425528.jpg","width":1024,"height":1024},{"@type":"BreadcrumbList","@id":"https:\/\/observatorio-democracia.pt\/en\/contested-solidarities-contentious-politics-between-resistance-backlash-and-change\/#breadcrumb","itemListElement":[{"@type":"ListItem","position":1,"name":"In\u00edcio","item":"https:\/\/observatorio-democracia.pt\/en\/"},{"@type":"ListItem","position":2,"name":"Contested Solidarities: Contentious Politics Between Resistance, Backlash and Change"}]},{"@type":"WebSite","@id":"https:\/\/observatorio-democracia.pt\/en\/#website","url":"https:\/\/observatorio-democracia.pt\/en\/","name":"Observat\u00f3rio da Democracia e da Representa\u00e7\u00e3o Pol\u00edtica","description":"Um bem para a Cidadania","publisher":{"@id":"https:\/\/observatorio-democracia.pt\/en\/#organization"},"potentialAction":[{"@type":"SearchAction","target":{"@type":"EntryPoint","urlTemplate":"https:\/\/observatorio-democracia.pt\/en\/?s={search_term_string}"},"query-input":{"@type":"PropertyValueSpecification","valueRequired":true,"valueName":"search_term_string"}}],"inLanguage":"en-US"},{"@type":"Organization","@id":"https:\/\/observatorio-democracia.pt\/en\/#organization","name":"Observat\u00f3rio da Democracia e da Representa\u00e7\u00e3o Pol\u00edtica","url":"https:\/\/observatorio-democracia.pt\/en\/","logo":{"@type":"ImageObject","inLanguage":"en-US","@id":"https:\/\/observatorio-democracia.pt\/en\/#\/schema\/logo\/image\/","url":"https:\/\/observatorio-democracia.pt\/wp-content\/uploads\/2022\/04\/logo-observatorio-democracia-forms.jpg","contentUrl":"https:\/\/observatorio-democracia.pt\/wp-content\/uploads\/2022\/04\/logo-observatorio-democracia-forms.jpg","width":400,"height":98,"caption":"Observat\u00f3rio da Democracia e da Representa\u00e7\u00e3o Pol\u00edtica"},"image":{"@id":"https:\/\/observatorio-democracia.pt\/en\/#\/schema\/logo\/image\/"},"sameAs":["https:\/\/www.facebook.com\/observatorio.democracia.representacao.politica","https:\/\/x.com\/Observatorioda4","https:\/\/www.instagram.com\/observatoriodrp\/"]},{"@type":"Person","@id":"https:\/\/observatorio-democracia.pt\/en\/#\/schema\/person\/ab1878e95a55730f5159ccf3d9ba4ba7","name":"ObservatorioDemocracia-Team","image":{"@type":"ImageObject","inLanguage":"en-US","@id":"https:\/\/observatorio-democracia.pt\/en\/#\/schema\/person\/image\/","url":"https:\/\/secure.gravatar.com\/avatar\/98987b478dfed6e66b65e1d8a5ebf79d?s=96&d=mm&r=g","contentUrl":"https:\/\/secure.gravatar.com\/avatar\/98987b478dfed6e66b65e1d8a5ebf79d?s=96&d=mm&r=g","caption":"ObservatorioDemocracia-Team"},"url":"https:\/\/observatorio-democracia.pt\/en\/author\/observatoriodemocracia-team\/"}]}},"_links":{"self":[{"href":"https:\/\/observatorio-democracia.pt\/en\/wp-json\/wp\/v2\/posts\/54979","targetHints":{"allow":["GET"]}}],"collection":[{"href":"https:\/\/observatorio-democracia.pt\/en\/wp-json\/wp\/v2\/posts"}],"about":[{"href":"https:\/\/observatorio-democracia.pt\/en\/wp-json\/wp\/v2\/types\/post"}],"author":[{"embeddable":true,"href":"https:\/\/observatorio-democracia.pt\/en\/wp-json\/wp\/v2\/users\/2"}],"replies":[{"embeddable":true,"href":"https:\/\/observatorio-democracia.pt\/en\/wp-json\/wp\/v2\/comments?post=54979"}],"version-history":[{"count":4,"href":"https:\/\/observatorio-democracia.pt\/en\/wp-json\/wp\/v2\/posts\/54979\/revisions"}],"predecessor-version":[{"id":54990,"href":"https:\/\/observatorio-democracia.pt\/en\/wp-json\/wp\/v2\/posts\/54979\/revisions\/54990"}],"wp:featuredmedia":[{"embeddable":true,"href":"https:\/\/observatorio-democracia.pt\/en\/wp-json\/wp\/v2\/media\/54981"}],"wp:attachment":[{"href":"https:\/\/observatorio-democracia.pt\/en\/wp-json\/wp\/v2\/media?parent=54979"}],"wp:term":[{"taxonomy":"category","embeddable":true,"href":"https:\/\/observatorio-democracia.pt\/en\/wp-json\/wp\/v2\/categories?post=54979"},{"taxonomy":"post_tag","embeddable":true,"href":"https:\/\/observatorio-democracia.pt\/en\/wp-json\/wp\/v2\/tags?post=54979"}],"curies":[{"name":"wp","href":"https:\/\/api.w.org\/{rel}","templated":true}]}}