{"id":53270,"date":"2023-10-13T15:25:35","date_gmt":"2023-10-13T15:25:35","guid":{"rendered":"https:\/\/observatorio-democracia.pt\/?p=53270"},"modified":"2023-10-16T16:55:52","modified_gmt":"2023-10-16T16:55:52","slug":"photo-gallery-of-the-politics-and-citizenship-group-meeting","status":"publish","type":"post","link":"https:\/\/observatorio-democracia.pt\/en\/photo-gallery-of-the-politics-and-citizenship-group-meeting\/","title":{"rendered":"Photo gallery of the Politics and Citizenship Group meeting"},"content":{"rendered":"\t\t<div data-elementor-type=\"wp-post\" data-elementor-id=\"53270\" class=\"elementor elementor-53270 elementor-53269\" data-elementor-post-type=\"post\">\n\t\t\t\t\t\t<section class=\"elementor-section elementor-top-section elementor-element elementor-element-7bb04620 elementor-section-boxed elementor-section-height-default elementor-section-height-default\" data-id=\"7bb04620\" data-element_type=\"section\">\n\t\t\t\t\t\t<div class=\"elementor-container elementor-column-gap-default\">\n\t\t\t\t\t<div class=\"elementor-column elementor-col-100 elementor-top-column elementor-element elementor-element-3dff1f48\" data-id=\"3dff1f48\" data-element_type=\"column\">\n\t\t\t<div class=\"elementor-widget-wrap elementor-element-populated\">\n\t\t\t\t\t\t<div class=\"elementor-element elementor-element-34f7f235 elementor-widget elementor-widget-text-editor\" data-id=\"34f7f235\" data-element_type=\"widget\" data-widget_type=\"text-editor.default\">\n\t\t\t\t<div class=\"elementor-widget-container\">\n\t\t\t\t\t\t\t\t\t<p>On Monday (9\/10), the Politics and Citizenship Group of CIES-Iscte meet to present, among other things, the ongoing and future projects of the Observatory of Democracy and Political Representation, as well as suggestions for intersections between the group and the observatory.<\/p><p>Coordinated by professors Andr\u00e9 Freire and Guya Accornero, the &#8216;Politics and Citizenship&#8217; research group brings together researchers from different disciplinary areas with the aim of understanding the relationship between civil society, political institutions, political elites and the results of these interactions in terms of public policies and governance, focusing on political representation; conventional and unconventional forms of participation and protest politics; public policies and public administration; citizenship and social work.<\/p><p>\u00a0Among the main novelties presented were the projections for the future call for papers, involving the various areas of the Politics and Citizenship group, based on the unified basis of the &#8220;Survey of Candidates in Legislative Elections (elected and non-elected)&#8221;, covering all editions of the survey, in reference to the 15 years of the Comparative Candidates Survey in Portugal, and the future editions of the Monthly Seminar on Social Movements and Political Action, which will be 10 years old in 2024.<\/p>\t\t\t\t\t\t\t\t<\/div>\n\t\t\t\t<\/div>\n\t\t\t\t<div class=\"elementor-element elementor-element-1b93b45 elementor-widget elementor-widget-the7_photo-scroller\" data-id=\"1b93b45\" data-element_type=\"widget\" data-widget_type=\"the7_photo-scroller.default\">\n\t\t\t\t<div class=\"elementor-widget-container\">\n\t\t\t\t\t\t\t<div class=\"photo-scroller the7_photo-scroller-1b93b45 fullscreen-on hide-thumbs\" data-scale=\"fill\" data-autoslide=\"false\" data-play-on-hover=\"false\" data-delay=\"0\" data-show-thumbnails=\"true\" data-thumb-position=\"inside-hidden\" data-thumb-height=\"60\" data-thumb-width=\"60\" data-thumb-space=\"5\" data-thumb-padding-top=\"5\" data-thumb-padding-bottom=\"5\" data-cntr-space-bottom=\"5\" data-transparency=\"0.15\" data-arrows=\"true\" data-arrows_tablet=\"true\" data-arrows_mobile=\"true\" data-next-icon=\"fas fa-chevron-right\" data-prev-icon=\"fas fa-chevron-left\" data-r-arrow-v-position=\"center\" data-r-arrow-h-position=\"right\" data-l-arrow-v-position=\"center\" data-l-arrow-h-position=\"left\" data-ls-fill-dt=\"fill\" data-ls-fill-tablet=\"fill\" data-pt-fill-dt=\"fit\" data-pt-fill-tablet=\"fit\" data-pt-fill-mob=\"fit\" data-ls-fill-mob=\"fill\" data-padding-top=\"0\" data-padding-bottom=\"0\" data-padding-side=\"0\" data-padding-left=\"0\" data-t-padding-top=\"0\" data-t-padding-bottom=\"0\" data-t-padding-side=\"0\" data-t-padding-left=\"0\" data-m-padding-top=\"0\" data-m-padding-bottom=\"0\" data-m-padding-side=\"0\" data-m-padding-left=\"0\" data-ls-max=\"100\" data-t-ls-max=\"100\" data-m-ls-max=\"100\" data-ls-min=\"0\" data-t-ls-min=\"0\" data-m-ls-min=\"0\" data-pt-max=\"100\" data-t-pt-max=\"100\" data-m-pt-max=\"100\" data-pt-min=\"0\" data-t-pt-min=\"0\" data-m-pt-min=\"0\" data-height=\"300\" data-tablet-height=\"300\" data-mobile-height=\"300\">\n\t\t\t<div class=\"photoSlider \">\n\t\t\t\t<figure data-width=\"2048\" data-height=\"1536\"><a href=\" https:\/\/observatorio-democracia.pt\/wp-content\/uploads\/2023\/10\/GI-Politica-e-Cidadania-8-e1697210613138.jpg \"<a href=\"https:\/\/observatorio-democracia.pt\/wp-content\/uploads\/2023\/10\/GI-Politica-e-Cidadania-8-e1697210613138.jpg\" class=\"post-thumbnail-rollover layzr-bg\" title=\"GI Politica e Cidadania-8\"  aria-label=\"Post image\"><img fetchpriority=\"high\" decoding=\"async\" src=\"data:image\/svg+xml,%3Csvg%20xmlns%3D&#39;http%3A%2F%2Fwww.w3.org%2F2000%2Fsvg&#39;%20viewBox%3D&#39;0%200%202048%201536&#39;%2F%3E\" data-src=\"https:\/\/observatorio-democracia.pt\/wp-content\/uploads\/2023\/10\/GI-Politica-e-Cidadania-8-e1697210613138.jpg\" data-srcset=\"https:\/\/observatorio-democracia.pt\/wp-content\/uploads\/2023\/10\/GI-Politica-e-Cidadania-8-e1697210613138.jpg 2048w\" loading=\"eager\" style=\"--ratio: 2048 \/ 1536\" sizes=\"(max-width: 2048px) 100vw, 2048px\" class=\"preload-me photo-thumb-lazy-load aspect\" width=\"2048\" height=\"1536\"  alt=\"\" title=\"GI Politica e Cidadania-8\" \/><\/a><\/a><\/figure><figure data-width=\"2048\" data-height=\"1536\"><a href=\" https:\/\/observatorio-democracia.pt\/wp-content\/uploads\/2023\/10\/GI-Politica-e-Cidadania-5-e1697210433972.jpg \"<a href=\"https:\/\/observatorio-democracia.pt\/wp-content\/uploads\/2023\/10\/GI-Politica-e-Cidadania-5-e1697210433972.jpg\" class=\"post-thumbnail-rollover layzr-bg\" title=\"GI Politica e Cidadania-5\"  aria-label=\"Post image\"><img decoding=\"async\" src=\"data:image\/svg+xml,%3Csvg%20xmlns%3D&#39;http%3A%2F%2Fwww.w3.org%2F2000%2Fsvg&#39;%20viewBox%3D&#39;0%200%202048%201536&#39;%2F%3E\" data-src=\"https:\/\/observatorio-democracia.pt\/wp-content\/uploads\/2023\/10\/GI-Politica-e-Cidadania-5-e1697210433972.jpg\" data-srcset=\"https:\/\/observatorio-democracia.pt\/wp-content\/uploads\/2023\/10\/GI-Politica-e-Cidadania-5-e1697210433972.jpg 2048w\" loading=\"eager\" style=\"--ratio: 2048 \/ 1536\" sizes=\"(max-width: 2048px) 100vw, 2048px\" class=\"preload-me photo-thumb-lazy-load aspect\" width=\"2048\" height=\"1536\"  alt=\"\" title=\"GI Politica e Cidadania-5\" \/><\/a><\/a><\/figure><figure data-width=\"2048\" data-height=\"1536\"><a href=\" https:\/\/observatorio-democracia.pt\/wp-content\/uploads\/2023\/10\/GI-Politica-e-Cidadania-4-e1697210454189.jpg \"<a href=\"https:\/\/observatorio-democracia.pt\/wp-content\/uploads\/2023\/10\/GI-Politica-e-Cidadania-4-e1697210454189.jpg\" class=\"post-thumbnail-rollover layzr-bg\" title=\"GI Politica e Cidadania-4\"  aria-label=\"Post image\"><img decoding=\"async\" src=\"data:image\/svg+xml,%3Csvg%20xmlns%3D&#39;http%3A%2F%2Fwww.w3.org%2F2000%2Fsvg&#39;%20viewBox%3D&#39;0%200%202048%201536&#39;%2F%3E\" data-src=\"https:\/\/observatorio-democracia.pt\/wp-content\/uploads\/2023\/10\/GI-Politica-e-Cidadania-4-e1697210454189.jpg\" data-srcset=\"https:\/\/observatorio-democracia.pt\/wp-content\/uploads\/2023\/10\/GI-Politica-e-Cidadania-4-e1697210454189.jpg 2048w\" loading=\"eager\" style=\"--ratio: 2048 \/ 1536\" sizes=\"(max-width: 2048px) 100vw, 2048px\" class=\"preload-me photo-thumb-lazy-load aspect\" width=\"2048\" height=\"1536\"  alt=\"\" title=\"GI Politica e Cidadania-4\" \/><\/a><\/a><\/figure><figure data-width=\"2048\" data-height=\"1536\"><a href=\" https:\/\/observatorio-democracia.pt\/wp-content\/uploads\/2023\/10\/GI-Politica-e-Cidadania-1-e1697210488599.jpg \"<a href=\"https:\/\/observatorio-democracia.pt\/wp-content\/uploads\/2023\/10\/GI-Politica-e-Cidadania-1-e1697210488599.jpg\" class=\"post-thumbnail-rollover layzr-bg\" title=\"GI Politica e Cidadania-1\"  aria-label=\"Post image\"><img decoding=\"async\" src=\"data:image\/svg+xml,%3Csvg%20xmlns%3D&#39;http%3A%2F%2Fwww.w3.org%2F2000%2Fsvg&#39;%20viewBox%3D&#39;0%200%202048%201536&#39;%2F%3E\" data-src=\"https:\/\/observatorio-democracia.pt\/wp-content\/uploads\/2023\/10\/GI-Politica-e-Cidadania-1-e1697210488599.jpg\" data-srcset=\"https:\/\/observatorio-democracia.pt\/wp-content\/uploads\/2023\/10\/GI-Politica-e-Cidadania-1-e1697210488599.jpg 2048w\" loading=\"eager\" style=\"--ratio: 2048 \/ 1536\" sizes=\"(max-width: 2048px) 100vw, 2048px\" class=\"preload-me photo-thumb-lazy-load aspect\" width=\"2048\" height=\"1536\"  alt=\"\" title=\"GI Politica e Cidadania-1\" \/><\/a><\/a><\/figure><figure data-width=\"2048\" data-height=\"1536\"><a href=\" https:\/\/observatorio-democracia.pt\/wp-content\/uploads\/2023\/10\/GI-Politica-e-Cidadania-3-e1697210515316.jpg \"<a href=\"https:\/\/observatorio-democracia.pt\/wp-content\/uploads\/2023\/10\/GI-Politica-e-Cidadania-3-e1697210515316.jpg\" class=\"post-thumbnail-rollover layzr-bg\" title=\"GI Politica e Cidadania-3\"  aria-label=\"Post image\"><img decoding=\"async\" src=\"data:image\/svg+xml,%3Csvg%20xmlns%3D&#39;http%3A%2F%2Fwww.w3.org%2F2000%2Fsvg&#39;%20viewBox%3D&#39;0%200%202048%201536&#39;%2F%3E\" data-src=\"https:\/\/observatorio-democracia.pt\/wp-content\/uploads\/2023\/10\/GI-Politica-e-Cidadania-3-e1697210515316.jpg\" data-srcset=\"https:\/\/observatorio-democracia.pt\/wp-content\/uploads\/2023\/10\/GI-Politica-e-Cidadania-3-e1697210515316.jpg 2048w\" loading=\"eager\" style=\"--ratio: 2048 \/ 1536\" sizes=\"(max-width: 2048px) 100vw, 2048px\" class=\"preload-me photo-thumb-lazy-load aspect\" width=\"2048\" height=\"1536\"  alt=\"\" title=\"GI Politica e Cidadania-3\" \/><\/a><\/a><\/figure>\t\t\t<\/div>\n\t\t\t<div class=\"btn-cntr\">\n\t\t\t\t<a href=\"#\" class=\"hide-thumb-btn\"><\/a>\n\t\t\t\t<a href=\"#\" class=\"auto-play-btn\"><\/a>\n\t\t\t\t<a href=\"#\" class=\"full-screen-btn\"><\/a>\n\t\t\t<\/div>\n\t\t\t<div class=\"scroller-arrow prev\"><i aria-hidden=\"true\" class=\"fas fa-chevron-left\"><\/i><\/div>\n\t\t\t<div class=\"scroller-arrow next\"><i aria-hidden=\"true\" class=\"fas fa-chevron-right\"><\/i><\/div>\n\t\t<\/div>\n\t\t\t\t\t\t<\/div>\n\t\t\t\t<\/div>\n\t\t\t\t\t<\/div>\n\t\t<\/div>\n\t\t\t\t\t<\/div>\n\t\t<\/section>\n\t\t\t\t<\/div>\n\t\t","protected":false},"excerpt":{"rendered":"<p>Check in the photo gallery the participation of the Observatory of Democracy and Political Representation in the Brown Bag Seminars on Social Data 2023<\/p>\n","protected":false},"author":2,"featured_media":53283,"comment_status":"closed","ping_status":"closed","sticky":false,"template":"","format":"standard","meta":{"footnotes":""},"categories":[316],"tags":[],"class_list":["post-53270","post","type-post","status-publish","format-standard","has-post-thumbnail","hentry","category-noticias-en"],"yoast_head":"<!-- This site is optimized with the Yoast SEO plugin v24.7 - https:\/\/yoast.com\/wordpress\/plugins\/seo\/ -->\n<title>Photos of Politics and Citizenship Group meeting| ODRP-Iscte<\/title>\n<meta name=\"description\" content=\"Photo gallery of the Politics and Citizenship Group meeting\" \/>\n<meta name=\"robots\" content=\"index, follow, max-snippet:-1, max-image-preview:large, max-video-preview:-1\" \/>\n<link rel=\"canonical\" href=\"https:\/\/observatorio-democracia.pt\/en\/photo-gallery-of-the-politics-and-citizenship-group-meeting\/\" \/>\n<meta property=\"og:locale\" content=\"en_US\" \/>\n<meta property=\"og:type\" content=\"article\" \/>\n<meta property=\"og:title\" content=\"Photos of Politics and Citizenship Group meeting| ODRP-Iscte\" \/>\n<meta property=\"og:description\" content=\"Photo gallery of the Politics and Citizenship Group meeting\" \/>\n<meta property=\"og:url\" content=\"https:\/\/observatorio-democracia.pt\/en\/photo-gallery-of-the-politics-and-citizenship-group-meeting\/\" \/>\n<meta property=\"og:site_name\" content=\"Observat\u00f3rio da Democracia e da Representa\u00e7\u00e3o Pol\u00edtica\" \/>\n<meta property=\"article:publisher\" content=\"https:\/\/www.facebook.com\/observatorio.democracia.representacao.politica\" \/>\n<meta property=\"article:published_time\" content=\"2023-10-13T15:25:35+00:00\" \/>\n<meta property=\"article:modified_time\" content=\"2023-10-16T16:55:52+00:00\" \/>\n<meta property=\"og:image\" content=\"https:\/\/observatorio-democracia.pt\/wp-content\/uploads\/2023\/10\/GI-Politica-e-Cidadania-8-e1697210613138.jpg\" \/>\n\t<meta property=\"og:image:width\" content=\"2048\" \/>\n\t<meta property=\"og:image:height\" content=\"1536\" \/>\n\t<meta property=\"og:image:type\" content=\"image\/jpeg\" \/>\n<meta name=\"author\" content=\"ObservatorioDemocracia-Team\" \/>\n<meta name=\"twitter:card\" content=\"summary_large_image\" \/>\n<meta name=\"twitter:creator\" content=\"@Observatorioda4\" \/>\n<meta name=\"twitter:site\" content=\"@Observatorioda4\" \/>\n<meta name=\"twitter:label1\" content=\"Written by\" \/>\n\t<meta name=\"twitter:data1\" content=\"ObservatorioDemocracia-Team\" \/>\n\t<meta name=\"twitter:label2\" content=\"Est. reading time\" \/>\n\t<meta name=\"twitter:data2\" content=\"5 minutes\" \/>\n<script type=\"application\/ld+json\" class=\"yoast-schema-graph\">{\"@context\":\"https:\/\/schema.org\",\"@graph\":[{\"@type\":\"Article\",\"@id\":\"https:\/\/observatorio-democracia.pt\/en\/photo-gallery-of-the-politics-and-citizenship-group-meeting\/#article\",\"isPartOf\":{\"@id\":\"https:\/\/observatorio-democracia.pt\/en\/photo-gallery-of-the-politics-and-citizenship-group-meeting\/\"},\"author\":{\"name\":\"ObservatorioDemocracia-Team\",\"@id\":\"https:\/\/observatorio-democracia.pt\/en\/#\/schema\/person\/ab1878e95a55730f5159ccf3d9ba4ba7\"},\"headline\":\"Photo gallery of the Politics and Citizenship Group meeting\",\"datePublished\":\"2023-10-13T15:25:35+00:00\",\"dateModified\":\"2023-10-16T16:55:52+00:00\",\"mainEntityOfPage\":{\"@id\":\"https:\/\/observatorio-democracia.pt\/en\/photo-gallery-of-the-politics-and-citizenship-group-meeting\/\"},\"wordCount\":197,\"publisher\":{\"@id\":\"https:\/\/observatorio-democracia.pt\/en\/#organization\"},\"image\":{\"@id\":\"https:\/\/observatorio-democracia.pt\/en\/photo-gallery-of-the-politics-and-citizenship-group-meeting\/#primaryimage\"},\"thumbnailUrl\":\"https:\/\/observatorio-democracia.pt\/wp-content\/uploads\/2023\/10\/GI-Politica-e-Cidadania-8-e1697210613138.jpg\",\"articleSection\":[\"News\"],\"inLanguage\":\"en-US\"},{\"@type\":\"WebPage\",\"@id\":\"https:\/\/observatorio-democracia.pt\/en\/photo-gallery-of-the-politics-and-citizenship-group-meeting\/\",\"url\":\"https:\/\/observatorio-democracia.pt\/en\/photo-gallery-of-the-politics-and-citizenship-group-meeting\/\",\"name\":\"Photos of Politics and Citizenship Group meeting| ODRP-Iscte\",\"isPartOf\":{\"@id\":\"https:\/\/observatorio-democracia.pt\/en\/#website\"},\"primaryImageOfPage\":{\"@id\":\"https:\/\/observatorio-democracia.pt\/en\/photo-gallery-of-the-politics-and-citizenship-group-meeting\/#primaryimage\"},\"image\":{\"@id\":\"https:\/\/observatorio-democracia.pt\/en\/photo-gallery-of-the-politics-and-citizenship-group-meeting\/#primaryimage\"},\"thumbnailUrl\":\"https:\/\/observatorio-democracia.pt\/wp-content\/uploads\/2023\/10\/GI-Politica-e-Cidadania-8-e1697210613138.jpg\",\"datePublished\":\"2023-10-13T15:25:35+00:00\",\"dateModified\":\"2023-10-16T16:55:52+00:00\",\"description\":\"Photo gallery of the Politics and Citizenship Group meeting\",\"breadcrumb\":{\"@id\":\"https:\/\/observatorio-democracia.pt\/en\/photo-gallery-of-the-politics-and-citizenship-group-meeting\/#breadcrumb\"},\"inLanguage\":\"en-US\",\"potentialAction\":[{\"@type\":\"ReadAction\",\"target\":[\"https:\/\/observatorio-democracia.pt\/en\/photo-gallery-of-the-politics-and-citizenship-group-meeting\/\"]}]},{\"@type\":\"ImageObject\",\"inLanguage\":\"en-US\",\"@id\":\"https:\/\/observatorio-democracia.pt\/en\/photo-gallery-of-the-politics-and-citizenship-group-meeting\/#primaryimage\",\"url\":\"https:\/\/observatorio-democracia.pt\/wp-content\/uploads\/2023\/10\/GI-Politica-e-Cidadania-8-e1697210613138.jpg\",\"contentUrl\":\"https:\/\/observatorio-democracia.pt\/wp-content\/uploads\/2023\/10\/GI-Politica-e-Cidadania-8-e1697210613138.jpg\",\"width\":2048,\"height\":1536,\"caption\":\"Foto: Sofia Rocha \/ CIES -Iscte\"},{\"@type\":\"BreadcrumbList\",\"@id\":\"https:\/\/observatorio-democracia.pt\/en\/photo-gallery-of-the-politics-and-citizenship-group-meeting\/#breadcrumb\",\"itemListElement\":[{\"@type\":\"ListItem\",\"position\":1,\"name\":\"In\u00edcio\",\"item\":\"https:\/\/observatorio-democracia.pt\/en\/\"},{\"@type\":\"ListItem\",\"position\":2,\"name\":\"Photo gallery of the Politics and Citizenship Group meeting\"}]},{\"@type\":\"WebSite\",\"@id\":\"https:\/\/observatorio-democracia.pt\/en\/#website\",\"url\":\"https:\/\/observatorio-democracia.pt\/en\/\",\"name\":\"Observat\u00f3rio da Democracia e da Representa\u00e7\u00e3o Pol\u00edtica\",\"description\":\"Um bem para a Cidadania\",\"publisher\":{\"@id\":\"https:\/\/observatorio-democracia.pt\/en\/#organization\"},\"potentialAction\":[{\"@type\":\"SearchAction\",\"target\":{\"@type\":\"EntryPoint\",\"urlTemplate\":\"https:\/\/observatorio-democracia.pt\/en\/?s={search_term_string}\"},\"query-input\":{\"@type\":\"PropertyValueSpecification\",\"valueRequired\":true,\"valueName\":\"search_term_string\"}}],\"inLanguage\":\"en-US\"},{\"@type\":\"Organization\",\"@id\":\"https:\/\/observatorio-democracia.pt\/en\/#organization\",\"name\":\"Observat\u00f3rio da Democracia e da Representa\u00e7\u00e3o Pol\u00edtica\",\"url\":\"https:\/\/observatorio-democracia.pt\/en\/\",\"logo\":{\"@type\":\"ImageObject\",\"inLanguage\":\"en-US\",\"@id\":\"https:\/\/observatorio-democracia.pt\/en\/#\/schema\/logo\/image\/\",\"url\":\"https:\/\/observatorio-democracia.pt\/wp-content\/uploads\/2022\/04\/logo-observatorio-democracia-forms.jpg\",\"contentUrl\":\"https:\/\/observatorio-democracia.pt\/wp-content\/uploads\/2022\/04\/logo-observatorio-democracia-forms.jpg\",\"width\":400,\"height\":98,\"caption\":\"Observat\u00f3rio da Democracia e da Representa\u00e7\u00e3o Pol\u00edtica\"},\"image\":{\"@id\":\"https:\/\/observatorio-democracia.pt\/en\/#\/schema\/logo\/image\/\"},\"sameAs\":[\"https:\/\/www.facebook.com\/observatorio.democracia.representacao.politica\",\"https:\/\/x.com\/Observatorioda4\",\"https:\/\/www.instagram.com\/observatoriodrp\/\"]},{\"@type\":\"Person\",\"@id\":\"https:\/\/observatorio-democracia.pt\/en\/#\/schema\/person\/ab1878e95a55730f5159ccf3d9ba4ba7\",\"name\":\"ObservatorioDemocracia-Team\",\"image\":{\"@type\":\"ImageObject\",\"inLanguage\":\"en-US\",\"@id\":\"https:\/\/observatorio-democracia.pt\/en\/#\/schema\/person\/image\/\",\"url\":\"https:\/\/secure.gravatar.com\/avatar\/98987b478dfed6e66b65e1d8a5ebf79d?s=96&d=mm&r=g\",\"contentUrl\":\"https:\/\/secure.gravatar.com\/avatar\/98987b478dfed6e66b65e1d8a5ebf79d?s=96&d=mm&r=g\",\"caption\":\"ObservatorioDemocracia-Team\"},\"url\":\"https:\/\/observatorio-democracia.pt\/en\/author\/observatoriodemocracia-team\/\"}]}<\/script>\n<!-- \/ Yoast SEO plugin. -->","yoast_head_json":{"title":"Photos of Politics and Citizenship Group meeting| ODRP-Iscte","description":"Photo gallery of the Politics and Citizenship Group meeting","robots":{"index":"index","follow":"follow","max-snippet":"max-snippet:-1","max-image-preview":"max-image-preview:large","max-video-preview":"max-video-preview:-1"},"canonical":"https:\/\/observatorio-democracia.pt\/en\/photo-gallery-of-the-politics-and-citizenship-group-meeting\/","og_locale":"en_US","og_type":"article","og_title":"Photos of Politics and Citizenship Group meeting| ODRP-Iscte","og_description":"Photo gallery of the Politics and Citizenship Group meeting","og_url":"https:\/\/observatorio-democracia.pt\/en\/photo-gallery-of-the-politics-and-citizenship-group-meeting\/","og_site_name":"Observat\u00f3rio da Democracia e da Representa\u00e7\u00e3o Pol\u00edtica","article_publisher":"https:\/\/www.facebook.com\/observatorio.democracia.representacao.politica","article_published_time":"2023-10-13T15:25:35+00:00","article_modified_time":"2023-10-16T16:55:52+00:00","og_image":[{"width":2048,"height":1536,"url":"https:\/\/observatorio-democracia.pt\/wp-content\/uploads\/2023\/10\/GI-Politica-e-Cidadania-8-e1697210613138.jpg","type":"image\/jpeg"}],"author":"ObservatorioDemocracia-Team","twitter_card":"summary_large_image","twitter_creator":"@Observatorioda4","twitter_site":"@Observatorioda4","twitter_misc":{"Written by":"ObservatorioDemocracia-Team","Est. reading time":"5 minutes"},"schema":{"@context":"https:\/\/schema.org","@graph":[{"@type":"Article","@id":"https:\/\/observatorio-democracia.pt\/en\/photo-gallery-of-the-politics-and-citizenship-group-meeting\/#article","isPartOf":{"@id":"https:\/\/observatorio-democracia.pt\/en\/photo-gallery-of-the-politics-and-citizenship-group-meeting\/"},"author":{"name":"ObservatorioDemocracia-Team","@id":"https:\/\/observatorio-democracia.pt\/en\/#\/schema\/person\/ab1878e95a55730f5159ccf3d9ba4ba7"},"headline":"Photo gallery of the Politics and Citizenship Group meeting","datePublished":"2023-10-13T15:25:35+00:00","dateModified":"2023-10-16T16:55:52+00:00","mainEntityOfPage":{"@id":"https:\/\/observatorio-democracia.pt\/en\/photo-gallery-of-the-politics-and-citizenship-group-meeting\/"},"wordCount":197,"publisher":{"@id":"https:\/\/observatorio-democracia.pt\/en\/#organization"},"image":{"@id":"https:\/\/observatorio-democracia.pt\/en\/photo-gallery-of-the-politics-and-citizenship-group-meeting\/#primaryimage"},"thumbnailUrl":"https:\/\/observatorio-democracia.pt\/wp-content\/uploads\/2023\/10\/GI-Politica-e-Cidadania-8-e1697210613138.jpg","articleSection":["News"],"inLanguage":"en-US"},{"@type":"WebPage","@id":"https:\/\/observatorio-democracia.pt\/en\/photo-gallery-of-the-politics-and-citizenship-group-meeting\/","url":"https:\/\/observatorio-democracia.pt\/en\/photo-gallery-of-the-politics-and-citizenship-group-meeting\/","name":"Photos of Politics and Citizenship Group meeting| ODRP-Iscte","isPartOf":{"@id":"https:\/\/observatorio-democracia.pt\/en\/#website"},"primaryImageOfPage":{"@id":"https:\/\/observatorio-democracia.pt\/en\/photo-gallery-of-the-politics-and-citizenship-group-meeting\/#primaryimage"},"image":{"@id":"https:\/\/observatorio-democracia.pt\/en\/photo-gallery-of-the-politics-and-citizenship-group-meeting\/#primaryimage"},"thumbnailUrl":"https:\/\/observatorio-democracia.pt\/wp-content\/uploads\/2023\/10\/GI-Politica-e-Cidadania-8-e1697210613138.jpg","datePublished":"2023-10-13T15:25:35+00:00","dateModified":"2023-10-16T16:55:52+00:00","description":"Photo gallery of the Politics and Citizenship Group meeting","breadcrumb":{"@id":"https:\/\/observatorio-democracia.pt\/en\/photo-gallery-of-the-politics-and-citizenship-group-meeting\/#breadcrumb"},"inLanguage":"en-US","potentialAction":[{"@type":"ReadAction","target":["https:\/\/observatorio-democracia.pt\/en\/photo-gallery-of-the-politics-and-citizenship-group-meeting\/"]}]},{"@type":"ImageObject","inLanguage":"en-US","@id":"https:\/\/observatorio-democracia.pt\/en\/photo-gallery-of-the-politics-and-citizenship-group-meeting\/#primaryimage","url":"https:\/\/observatorio-democracia.pt\/wp-content\/uploads\/2023\/10\/GI-Politica-e-Cidadania-8-e1697210613138.jpg","contentUrl":"https:\/\/observatorio-democracia.pt\/wp-content\/uploads\/2023\/10\/GI-Politica-e-Cidadania-8-e1697210613138.jpg","width":2048,"height":1536,"caption":"Foto: Sofia Rocha \/ CIES -Iscte"},{"@type":"BreadcrumbList","@id":"https:\/\/observatorio-democracia.pt\/en\/photo-gallery-of-the-politics-and-citizenship-group-meeting\/#breadcrumb","itemListElement":[{"@type":"ListItem","position":1,"name":"In\u00edcio","item":"https:\/\/observatorio-democracia.pt\/en\/"},{"@type":"ListItem","position":2,"name":"Photo gallery of the Politics and Citizenship Group meeting"}]},{"@type":"WebSite","@id":"https:\/\/observatorio-democracia.pt\/en\/#website","url":"https:\/\/observatorio-democracia.pt\/en\/","name":"Observat\u00f3rio da Democracia e da Representa\u00e7\u00e3o Pol\u00edtica","description":"Um bem para a Cidadania","publisher":{"@id":"https:\/\/observatorio-democracia.pt\/en\/#organization"},"potentialAction":[{"@type":"SearchAction","target":{"@type":"EntryPoint","urlTemplate":"https:\/\/observatorio-democracia.pt\/en\/?s={search_term_string}"},"query-input":{"@type":"PropertyValueSpecification","valueRequired":true,"valueName":"search_term_string"}}],"inLanguage":"en-US"},{"@type":"Organization","@id":"https:\/\/observatorio-democracia.pt\/en\/#organization","name":"Observat\u00f3rio da Democracia e da Representa\u00e7\u00e3o Pol\u00edtica","url":"https:\/\/observatorio-democracia.pt\/en\/","logo":{"@type":"ImageObject","inLanguage":"en-US","@id":"https:\/\/observatorio-democracia.pt\/en\/#\/schema\/logo\/image\/","url":"https:\/\/observatorio-democracia.pt\/wp-content\/uploads\/2022\/04\/logo-observatorio-democracia-forms.jpg","contentUrl":"https:\/\/observatorio-democracia.pt\/wp-content\/uploads\/2022\/04\/logo-observatorio-democracia-forms.jpg","width":400,"height":98,"caption":"Observat\u00f3rio da Democracia e da Representa\u00e7\u00e3o Pol\u00edtica"},"image":{"@id":"https:\/\/observatorio-democracia.pt\/en\/#\/schema\/logo\/image\/"},"sameAs":["https:\/\/www.facebook.com\/observatorio.democracia.representacao.politica","https:\/\/x.com\/Observatorioda4","https:\/\/www.instagram.com\/observatoriodrp\/"]},{"@type":"Person","@id":"https:\/\/observatorio-democracia.pt\/en\/#\/schema\/person\/ab1878e95a55730f5159ccf3d9ba4ba7","name":"ObservatorioDemocracia-Team","image":{"@type":"ImageObject","inLanguage":"en-US","@id":"https:\/\/observatorio-democracia.pt\/en\/#\/schema\/person\/image\/","url":"https:\/\/secure.gravatar.com\/avatar\/98987b478dfed6e66b65e1d8a5ebf79d?s=96&d=mm&r=g","contentUrl":"https:\/\/secure.gravatar.com\/avatar\/98987b478dfed6e66b65e1d8a5ebf79d?s=96&d=mm&r=g","caption":"ObservatorioDemocracia-Team"},"url":"https:\/\/observatorio-democracia.pt\/en\/author\/observatoriodemocracia-team\/"}]}},"_links":{"self":[{"href":"https:\/\/observatorio-democracia.pt\/en\/wp-json\/wp\/v2\/posts\/53270","targetHints":{"allow":["GET"]}}],"collection":[{"href":"https:\/\/observatorio-democracia.pt\/en\/wp-json\/wp\/v2\/posts"}],"about":[{"href":"https:\/\/observatorio-democracia.pt\/en\/wp-json\/wp\/v2\/types\/post"}],"author":[{"embeddable":true,"href":"https:\/\/observatorio-democracia.pt\/en\/wp-json\/wp\/v2\/users\/2"}],"replies":[{"embeddable":true,"href":"https:\/\/observatorio-democracia.pt\/en\/wp-json\/wp\/v2\/comments?post=53270"}],"version-history":[{"count":4,"href":"https:\/\/observatorio-democracia.pt\/en\/wp-json\/wp\/v2\/posts\/53270\/revisions"}],"predecessor-version":[{"id":53311,"href":"https:\/\/observatorio-democracia.pt\/en\/wp-json\/wp\/v2\/posts\/53270\/revisions\/53311"}],"wp:featuredmedia":[{"embeddable":true,"href":"https:\/\/observatorio-democracia.pt\/en\/wp-json\/wp\/v2\/media\/53283"}],"wp:attachment":[{"href":"https:\/\/observatorio-democracia.pt\/en\/wp-json\/wp\/v2\/media?parent=53270"}],"wp:term":[{"taxonomy":"category","embeddable":true,"href":"https:\/\/observatorio-democracia.pt\/en\/wp-json\/wp\/v2\/categories?post=53270"},{"taxonomy":"post_tag","embeddable":true,"href":"https:\/\/observatorio-democracia.pt\/en\/wp-json\/wp\/v2\/tags?post=53270"}],"curies":[{"name":"wp","href":"https:\/\/api.w.org\/{rel}","templated":true}]}}