{"id":53188,"date":"2023-06-28T15:42:23","date_gmt":"2023-06-28T15:42:23","guid":{"rendered":"https:\/\/observatorio-democracia.pt\/?p=53188"},"modified":"2023-06-28T15:55:25","modified_gmt":"2023-06-28T15:55:25","slug":"photo-galery-of-the-brown-bag-seminars-on-social-data-2023","status":"publish","type":"post","link":"https:\/\/observatorio-democracia.pt\/en\/photo-galery-of-the-brown-bag-seminars-on-social-data-2023\/","title":{"rendered":"Photo Galery of the Brown Bag Seminars on Social Data 2023"},"content":{"rendered":"\t\t<div data-elementor-type=\"wp-post\" data-elementor-id=\"53188\" class=\"elementor elementor-53188 elementor-53187\" data-elementor-post-type=\"post\">\n\t\t\t\t\t\t<section class=\"elementor-section elementor-top-section elementor-element elementor-element-7bb04620 elementor-section-boxed elementor-section-height-default elementor-section-height-default\" data-id=\"7bb04620\" data-element_type=\"section\">\n\t\t\t\t\t\t<div class=\"elementor-container elementor-column-gap-default\">\n\t\t\t\t\t<div class=\"elementor-column elementor-col-100 elementor-top-column elementor-element elementor-element-3dff1f48\" data-id=\"3dff1f48\" data-element_type=\"column\">\n\t\t\t<div class=\"elementor-widget-wrap elementor-element-populated\">\n\t\t\t\t\t\t<div class=\"elementor-element elementor-element-34f7f235 elementor-widget elementor-widget-text-editor\" data-id=\"34f7f235\" data-element_type=\"widget\" data-widget_type=\"text-editor.default\">\n\t\t\t\t<div class=\"elementor-widget-container\">\n\t\t\t\t\t\t\t\t\t<p>\n\t\t\t<style type='text\/css'>\n\t\t\t\t#gallery-1 {\n\t\t\t\t\tmargin: auto;\n\t\t\t\t}\n\t\t\t\t#gallery-1 .gallery-item {\n\t\t\t\t\tfloat: left;\n\t\t\t\t\tmargin-top: 10px;\n\t\t\t\t\ttext-align: center;\n\t\t\t\t\twidth: 33%;\n\t\t\t\t}\n\t\t\t\t#gallery-1 img {\n\t\t\t\t\tborder: 2px solid #cfcfcf;\n\t\t\t\t}\n\t\t\t\t#gallery-1 .gallery-caption {\n\t\t\t\t\tmargin-left: 0;\n\t\t\t\t}\n\t\t\t\t\/* see gallery_shortcode() in wp-includes\/media.php *\/\n\t\t\t<\/style>\n\t\t<div id='gallery-1' class='dt-gallery-container gallery galleryid-53188 gallery-columns-3 gallery-size-thumbnail'><dl class='gallery-item'>\n\t\t\t\t<dt class='gallery-icon landscape'>\n\t\t\t\t\t<a class=\"rollover\" href='https:\/\/observatorio-democracia.pt\/en\/photo-galery-of-the-brown-bag-seminars-on-social-data-2023\/brown-bag-seminars-2023-observatorio-da-democracia-e-da-representacao-politica_001_52904866628_o-2\/'><img decoding=\"async\" width=\"150\" height=\"150\" src=\"https:\/\/observatorio-democracia.pt\/wp-content\/uploads\/2023\/06\/brown-bag-seminars-2023-observatorio-da-democracia-e-da-representacao-politica_001_52904866628_o-150x150.jpg\" class=\"attachment-thumbnail size-thumbnail\" alt=\"\" aria-describedby=\"gallery-1-53190\" srcset=\"https:\/\/observatorio-democracia.pt\/wp-content\/uploads\/2023\/06\/brown-bag-seminars-2023-observatorio-da-democracia-e-da-representacao-politica_001_52904866628_o-150x150.jpg 150w, https:\/\/observatorio-democracia.pt\/wp-content\/uploads\/2023\/06\/brown-bag-seminars-2023-observatorio-da-democracia-e-da-representacao-politica_001_52904866628_o-300x300.jpg 300w, https:\/\/observatorio-democracia.pt\/wp-content\/uploads\/2023\/06\/brown-bag-seminars-2023-observatorio-da-democracia-e-da-representacao-politica_001_52904866628_o-1000x1000.jpg 1000w, https:\/\/observatorio-democracia.pt\/wp-content\/uploads\/2023\/06\/brown-bag-seminars-2023-observatorio-da-democracia-e-da-representacao-politica_001_52904866628_o-200x200.jpg 200w\" sizes=\"(max-width: 150px) 100vw, 150px\" \/><\/a>\n\t\t\t\t<\/dt>\n\t\t\t\t\t<dd class='wp-caption-text gallery-caption' id='gallery-1-53190'>\n\t\t\t\t\tOs Brown Bag Seminars 2023, dedicado ao Observato\u0301rio da Democracia e da Representa\u00e7\u00e3o Pol\u00edtica, com a apresenta\u00e7\u00e3o por Andr\u00e9 Freire, teve lugar no Iscte, a 16 de maio de 2023.\n\nFotografia de Hugo Alexandre Cruz\n\t\t\t\t\t<\/dd><\/dl><dl class='gallery-item'>\n\t\t\t\t<dt class='gallery-icon landscape'>\n\t\t\t\t\t<a class=\"rollover\" href='https:\/\/observatorio-democracia.pt\/en\/brown-bag-seminars-2023-observatorio-da-democracia-e-da-representacao-politica_004_52904574644_o-2\/'><img decoding=\"async\" width=\"150\" height=\"150\" src=\"https:\/\/observatorio-democracia.pt\/wp-content\/uploads\/2023\/03\/brown-bag-seminars-2023-observatorio-da-democracia-e-da-representacao-politica_004_52904574644_o-150x150.jpg\" class=\"attachment-thumbnail size-thumbnail\" alt=\"\" aria-describedby=\"gallery-1-53193\" srcset=\"https:\/\/observatorio-democracia.pt\/wp-content\/uploads\/2023\/03\/brown-bag-seminars-2023-observatorio-da-democracia-e-da-representacao-politica_004_52904574644_o-150x150.jpg 150w, https:\/\/observatorio-democracia.pt\/wp-content\/uploads\/2023\/03\/brown-bag-seminars-2023-observatorio-da-democracia-e-da-representacao-politica_004_52904574644_o-300x300.jpg 300w, https:\/\/observatorio-democracia.pt\/wp-content\/uploads\/2023\/03\/brown-bag-seminars-2023-observatorio-da-democracia-e-da-representacao-politica_004_52904574644_o-1000x1000.jpg 1000w, https:\/\/observatorio-democracia.pt\/wp-content\/uploads\/2023\/03\/brown-bag-seminars-2023-observatorio-da-democracia-e-da-representacao-politica_004_52904574644_o-200x200.jpg 200w\" sizes=\"(max-width: 150px) 100vw, 150px\" \/><\/a>\n\t\t\t\t<\/dt>\n\t\t\t\t\t<dd class='wp-caption-text gallery-caption' id='gallery-1-53193'>\n\t\t\t\t\tOs Brown Bag Seminars 2023, dedicado ao Observato\u0301rio da Democracia e da Representa\u00e7\u00e3o Pol\u00edtica, com a apresenta\u00e7\u00e3o por Andr\u00e9 Freire, teve lugar no Iscte, a 16 de maio de 2023.\n\nFotografia de Hugo Alexandre Cruz\n\t\t\t\t\t<\/dd><\/dl><dl class='gallery-item'>\n\t\t\t\t<dt class='gallery-icon landscape'>\n\t\t\t\t\t<a class=\"rollover\" href='https:\/\/observatorio-democracia.pt\/en\/brown-bag-seminars-2023-observatorio-da-democracia-e-da-representacao-politica_006_52904866613_o-2\/'><img decoding=\"async\" width=\"150\" height=\"150\" src=\"https:\/\/observatorio-democracia.pt\/wp-content\/uploads\/2023\/03\/brown-bag-seminars-2023-observatorio-da-democracia-e-da-representacao-politica_006_52904866613_o-150x150.jpg\" class=\"attachment-thumbnail size-thumbnail\" alt=\"\" aria-describedby=\"gallery-1-53195\" srcset=\"https:\/\/observatorio-democracia.pt\/wp-content\/uploads\/2023\/03\/brown-bag-seminars-2023-observatorio-da-democracia-e-da-representacao-politica_006_52904866613_o-150x150.jpg 150w, https:\/\/observatorio-democracia.pt\/wp-content\/uploads\/2023\/03\/brown-bag-seminars-2023-observatorio-da-democracia-e-da-representacao-politica_006_52904866613_o-300x300.jpg 300w, https:\/\/observatorio-democracia.pt\/wp-content\/uploads\/2023\/03\/brown-bag-seminars-2023-observatorio-da-democracia-e-da-representacao-politica_006_52904866613_o-1000x1000.jpg 1000w, https:\/\/observatorio-democracia.pt\/wp-content\/uploads\/2023\/03\/brown-bag-seminars-2023-observatorio-da-democracia-e-da-representacao-politica_006_52904866613_o-200x200.jpg 200w\" sizes=\"(max-width: 150px) 100vw, 150px\" \/><\/a>\n\t\t\t\t<\/dt>\n\t\t\t\t\t<dd class='wp-caption-text gallery-caption' id='gallery-1-53195'>\n\t\t\t\t\tOs Brown Bag Seminars 2023, dedicado ao Observato\u0301rio da Democracia e da Representa\u00e7\u00e3o Pol\u00edtica, com a apresenta\u00e7\u00e3o por Andr\u00e9 Freire, teve lugar no Iscte, a 16 de maio de 2023.\n\nFotografia de Hugo Alexandre Cruz\n\t\t\t\t\t<\/dd><\/dl><br style=\"clear: both\" \/><dl class='gallery-item'>\n\t\t\t\t<dt class='gallery-icon landscape'>\n\t\t\t\t\t<a class=\"rollover\" href='https:\/\/observatorio-democracia.pt\/en\/brown-bag-seminars-2023-observatorio-da-democracia-e-da-representacao-politica_007_52904801830_o-2\/'><img loading=\"lazy\" decoding=\"async\" width=\"150\" height=\"150\" src=\"https:\/\/observatorio-democracia.pt\/wp-content\/uploads\/2023\/03\/brown-bag-seminars-2023-observatorio-da-democracia-e-da-representacao-politica_007_52904801830_o-150x150.jpg\" class=\"attachment-thumbnail size-thumbnail\" alt=\"\" aria-describedby=\"gallery-1-53197\" srcset=\"https:\/\/observatorio-democracia.pt\/wp-content\/uploads\/2023\/03\/brown-bag-seminars-2023-observatorio-da-democracia-e-da-representacao-politica_007_52904801830_o-150x150.jpg 150w, https:\/\/observatorio-democracia.pt\/wp-content\/uploads\/2023\/03\/brown-bag-seminars-2023-observatorio-da-democracia-e-da-representacao-politica_007_52904801830_o-300x300.jpg 300w, https:\/\/observatorio-democracia.pt\/wp-content\/uploads\/2023\/03\/brown-bag-seminars-2023-observatorio-da-democracia-e-da-representacao-politica_007_52904801830_o-1000x1000.jpg 1000w, https:\/\/observatorio-democracia.pt\/wp-content\/uploads\/2023\/03\/brown-bag-seminars-2023-observatorio-da-democracia-e-da-representacao-politica_007_52904801830_o-200x200.jpg 200w\" sizes=\"(max-width: 150px) 100vw, 150px\" \/><\/a>\n\t\t\t\t<\/dt>\n\t\t\t\t\t<dd class='wp-caption-text gallery-caption' id='gallery-1-53197'>\n\t\t\t\t\tOs Brown Bag Seminars 2023, dedicado ao Observato\u0301rio da Democracia e da Representa\u00e7\u00e3o Pol\u00edtica, com a apresenta\u00e7\u00e3o por Andr\u00e9 Freire, teve lugar no Iscte, a 16 de maio de 2023.\n\nFotografia de Hugo Alexandre Cruz\n\t\t\t\t\t<\/dd><\/dl><dl class='gallery-item'>\n\t\t\t\t<dt class='gallery-icon landscape'>\n\t\t\t\t\t<a class=\"rollover\" href='https:\/\/observatorio-democracia.pt\/en\/brown-bag-seminars-2023-observatorio-da-democracia-e-da-representacao-politica_014_52903843042_o-2\/'><img loading=\"lazy\" decoding=\"async\" width=\"150\" height=\"150\" src=\"https:\/\/observatorio-democracia.pt\/wp-content\/uploads\/2023\/03\/brown-bag-seminars-2023-observatorio-da-democracia-e-da-representacao-politica_014_52903843042_o-150x150.jpg\" class=\"attachment-thumbnail size-thumbnail\" alt=\"\" aria-describedby=\"gallery-1-53199\" srcset=\"https:\/\/observatorio-democracia.pt\/wp-content\/uploads\/2023\/03\/brown-bag-seminars-2023-observatorio-da-democracia-e-da-representacao-politica_014_52903843042_o-150x150.jpg 150w, https:\/\/observatorio-democracia.pt\/wp-content\/uploads\/2023\/03\/brown-bag-seminars-2023-observatorio-da-democracia-e-da-representacao-politica_014_52903843042_o-300x300.jpg 300w, https:\/\/observatorio-democracia.pt\/wp-content\/uploads\/2023\/03\/brown-bag-seminars-2023-observatorio-da-democracia-e-da-representacao-politica_014_52903843042_o-1000x1000.jpg 1000w, https:\/\/observatorio-democracia.pt\/wp-content\/uploads\/2023\/03\/brown-bag-seminars-2023-observatorio-da-democracia-e-da-representacao-politica_014_52903843042_o-200x200.jpg 200w\" sizes=\"(max-width: 150px) 100vw, 150px\" \/><\/a>\n\t\t\t\t<\/dt>\n\t\t\t\t\t<dd class='wp-caption-text gallery-caption' id='gallery-1-53199'>\n\t\t\t\t\tOs Brown Bag Seminars 2023, dedicado ao Observato\u0301rio da Democracia e da Representa\u00e7\u00e3o Pol\u00edtica, com a apresenta\u00e7\u00e3o por Andr\u00e9 Freire, teve lugar no Iscte, a 16 de maio de 2023.\n\nFotografia de Hugo Alexandre Cruz\n\t\t\t\t\t<\/dd><\/dl>\n\t\t\t\t<br style='clear: both' \/>\n\t\t\t<\/div>\n<\/p><p><br \/>Organized by the SocialDigital Lab of Iscte- Instituto Universit\u00e1rio de Lisboa, the Brown Bag Seminars on Social Data took place in May and June 2023, in six sessions, where six observatories associated to Iscte presented the social data collected by them and pointed out their usefulness for the analysis of public policies. <br \/>The Observatory of Democracy and Political Representation &#8211; with the participation of the observatory&#8217;s directors, Andr\u00e9 Freire and Guya Accornero, and the research fellows, Viriato Queiroga and Livino Neto &#8211; has demonstrated how the collection and processing of data on political elites and social movements allow the policy-maker to understand some of the main concerns present in society, providing the necessary information for the implementation of reforms reflecting and enabling the necessary mediation between voters and the elected for the improvement of representation.<br \/>Check in the photo gallery the participation of the Observatory of Democracy and Political Representation in the Brown Bag Seminars on Social Data 2023<\/p>\t\t\t\t\t\t\t\t<\/div>\n\t\t\t\t<\/div>\n\t\t\t\t\t<\/div>\n\t\t<\/div>\n\t\t\t\t\t<\/div>\n\t\t<\/section>\n\t\t\t\t<\/div>\n\t\t","protected":false},"excerpt":{"rendered":"<p>Check in the photo gallery the participation of the Observatory of Democracy and Political Representation in the Brown Bag Seminars on Social Data 2023<\/p>\n","protected":false},"author":2,"featured_media":53190,"comment_status":"closed","ping_status":"closed","sticky":false,"template":"","format":"standard","meta":{"footnotes":""},"categories":[316],"tags":[],"class_list":["post-53188","post","type-post","status-publish","format-standard","has-post-thumbnail","hentry","category-noticias-en"],"yoast_head":"<!-- This site is optimized with the Yoast SEO plugin v24.7 - https:\/\/yoast.com\/wordpress\/plugins\/seo\/ -->\n<title>Brown Bag Seminars on Social Data 2023| ODRP-Iscte<\/title>\n<meta name=\"description\" content=\"The participation of the Observatory of Democracy and Political Representation in the Brown Bag Seminars on Social Data 2023\" \/>\n<meta name=\"robots\" content=\"index, follow, max-snippet:-1, max-image-preview:large, max-video-preview:-1\" \/>\n<link rel=\"canonical\" href=\"https:\/\/observatorio-democracia.pt\/en\/photo-galery-of-the-brown-bag-seminars-on-social-data-2023\/\" \/>\n<meta property=\"og:locale\" content=\"en_US\" \/>\n<meta property=\"og:type\" content=\"article\" \/>\n<meta property=\"og:title\" content=\"Brown Bag Seminars on Social Data 2023| ODRP-Iscte\" \/>\n<meta property=\"og:description\" content=\"The participation of the Observatory of Democracy and Political Representation in the Brown Bag Seminars on Social Data 2023\" \/>\n<meta property=\"og:url\" content=\"https:\/\/observatorio-democracia.pt\/en\/photo-galery-of-the-brown-bag-seminars-on-social-data-2023\/\" \/>\n<meta property=\"og:site_name\" content=\"Observat\u00f3rio da Democracia e da Representa\u00e7\u00e3o Pol\u00edtica\" \/>\n<meta property=\"article:publisher\" content=\"https:\/\/www.facebook.com\/observatorio.democracia.representacao.politica\" \/>\n<meta property=\"article:published_time\" content=\"2023-06-28T15:42:23+00:00\" \/>\n<meta property=\"article:modified_time\" content=\"2023-06-28T15:55:25+00:00\" \/>\n<meta property=\"og:image\" content=\"https:\/\/observatorio-democracia.pt\/wp-content\/uploads\/2023\/06\/brown-bag-seminars-2023-observatorio-da-democracia-e-da-representacao-politica_001_52904866628_o-e1687966570624.jpg\" \/>\n\t<meta property=\"og:image:width\" content=\"1600\" \/>\n\t<meta property=\"og:image:height\" content=\"1063\" \/>\n\t<meta property=\"og:image:type\" content=\"image\/jpeg\" \/>\n<meta name=\"author\" content=\"ObservatorioDemocracia-Team\" \/>\n<meta name=\"twitter:card\" content=\"summary_large_image\" \/>\n<meta name=\"twitter:creator\" content=\"@Observatorioda4\" \/>\n<meta name=\"twitter:site\" content=\"@Observatorioda4\" \/>\n<meta name=\"twitter:label1\" content=\"Written by\" \/>\n\t<meta name=\"twitter:data1\" content=\"ObservatorioDemocracia-Team\" \/>\n\t<meta name=\"twitter:label2\" content=\"Est. reading time\" \/>\n\t<meta name=\"twitter:data2\" content=\"1 minute\" \/>\n<script type=\"application\/ld+json\" class=\"yoast-schema-graph\">{\"@context\":\"https:\/\/schema.org\",\"@graph\":[{\"@type\":\"Article\",\"@id\":\"https:\/\/observatorio-democracia.pt\/en\/photo-galery-of-the-brown-bag-seminars-on-social-data-2023\/#article\",\"isPartOf\":{\"@id\":\"https:\/\/observatorio-democracia.pt\/en\/photo-galery-of-the-brown-bag-seminars-on-social-data-2023\/\"},\"author\":{\"name\":\"ObservatorioDemocracia-Team\",\"@id\":\"https:\/\/observatorio-democracia.pt\/en\/#\/schema\/person\/ab1878e95a55730f5159ccf3d9ba4ba7\"},\"headline\":\"Photo Galery of the Brown Bag Seminars on Social Data 2023\",\"datePublished\":\"2023-06-28T15:42:23+00:00\",\"dateModified\":\"2023-06-28T15:55:25+00:00\",\"mainEntityOfPage\":{\"@id\":\"https:\/\/observatorio-democracia.pt\/en\/photo-galery-of-the-brown-bag-seminars-on-social-data-2023\/\"},\"wordCount\":170,\"publisher\":{\"@id\":\"https:\/\/observatorio-democracia.pt\/en\/#organization\"},\"image\":{\"@id\":\"https:\/\/observatorio-democracia.pt\/en\/photo-galery-of-the-brown-bag-seminars-on-social-data-2023\/#primaryimage\"},\"thumbnailUrl\":\"https:\/\/observatorio-democracia.pt\/wp-content\/uploads\/2023\/06\/brown-bag-seminars-2023-observatorio-da-democracia-e-da-representacao-politica_001_52904866628_o-e1687966570624.jpg\",\"articleSection\":[\"News\"],\"inLanguage\":\"en-US\"},{\"@type\":\"WebPage\",\"@id\":\"https:\/\/observatorio-democracia.pt\/en\/photo-galery-of-the-brown-bag-seminars-on-social-data-2023\/\",\"url\":\"https:\/\/observatorio-democracia.pt\/en\/photo-galery-of-the-brown-bag-seminars-on-social-data-2023\/\",\"name\":\"Brown Bag Seminars on Social Data 2023| ODRP-Iscte\",\"isPartOf\":{\"@id\":\"https:\/\/observatorio-democracia.pt\/en\/#website\"},\"primaryImageOfPage\":{\"@id\":\"https:\/\/observatorio-democracia.pt\/en\/photo-galery-of-the-brown-bag-seminars-on-social-data-2023\/#primaryimage\"},\"image\":{\"@id\":\"https:\/\/observatorio-democracia.pt\/en\/photo-galery-of-the-brown-bag-seminars-on-social-data-2023\/#primaryimage\"},\"thumbnailUrl\":\"https:\/\/observatorio-democracia.pt\/wp-content\/uploads\/2023\/06\/brown-bag-seminars-2023-observatorio-da-democracia-e-da-representacao-politica_001_52904866628_o-e1687966570624.jpg\",\"datePublished\":\"2023-06-28T15:42:23+00:00\",\"dateModified\":\"2023-06-28T15:55:25+00:00\",\"description\":\"The participation of the Observatory of Democracy and Political Representation in the Brown Bag Seminars on Social Data 2023\",\"breadcrumb\":{\"@id\":\"https:\/\/observatorio-democracia.pt\/en\/photo-galery-of-the-brown-bag-seminars-on-social-data-2023\/#breadcrumb\"},\"inLanguage\":\"en-US\",\"potentialAction\":[{\"@type\":\"ReadAction\",\"target\":[\"https:\/\/observatorio-democracia.pt\/en\/photo-galery-of-the-brown-bag-seminars-on-social-data-2023\/\"]}]},{\"@type\":\"ImageObject\",\"inLanguage\":\"en-US\",\"@id\":\"https:\/\/observatorio-democracia.pt\/en\/photo-galery-of-the-brown-bag-seminars-on-social-data-2023\/#primaryimage\",\"url\":\"https:\/\/observatorio-democracia.pt\/wp-content\/uploads\/2023\/06\/brown-bag-seminars-2023-observatorio-da-democracia-e-da-representacao-politica_001_52904866628_o-e1687966570624.jpg\",\"contentUrl\":\"https:\/\/observatorio-democracia.pt\/wp-content\/uploads\/2023\/06\/brown-bag-seminars-2023-observatorio-da-democracia-e-da-representacao-politica_001_52904866628_o-e1687966570624.jpg\",\"width\":1600,\"height\":1063,\"caption\":\"Os Brown Bag Seminars 2023, dedicado ao Observato\u0301rio da Democracia e da Representa\u00e7\u00e3o Pol\u00edtica, com a apresenta\u00e7\u00e3o por Andr\u00e9 Freire, teve lugar no Iscte, a 16 de maio de 2023. Fotografia de Hugo Alexandre Cruz\"},{\"@type\":\"BreadcrumbList\",\"@id\":\"https:\/\/observatorio-democracia.pt\/en\/photo-galery-of-the-brown-bag-seminars-on-social-data-2023\/#breadcrumb\",\"itemListElement\":[{\"@type\":\"ListItem\",\"position\":1,\"name\":\"In\u00edcio\",\"item\":\"https:\/\/observatorio-democracia.pt\/en\/\"},{\"@type\":\"ListItem\",\"position\":2,\"name\":\"Photo Galery of the Brown Bag Seminars on Social Data 2023\"}]},{\"@type\":\"WebSite\",\"@id\":\"https:\/\/observatorio-democracia.pt\/en\/#website\",\"url\":\"https:\/\/observatorio-democracia.pt\/en\/\",\"name\":\"Observat\u00f3rio da Democracia e da Representa\u00e7\u00e3o Pol\u00edtica\",\"description\":\"Um bem para a Cidadania\",\"publisher\":{\"@id\":\"https:\/\/observatorio-democracia.pt\/en\/#organization\"},\"potentialAction\":[{\"@type\":\"SearchAction\",\"target\":{\"@type\":\"EntryPoint\",\"urlTemplate\":\"https:\/\/observatorio-democracia.pt\/en\/?s={search_term_string}\"},\"query-input\":{\"@type\":\"PropertyValueSpecification\",\"valueRequired\":true,\"valueName\":\"search_term_string\"}}],\"inLanguage\":\"en-US\"},{\"@type\":\"Organization\",\"@id\":\"https:\/\/observatorio-democracia.pt\/en\/#organization\",\"name\":\"Observat\u00f3rio da Democracia e da Representa\u00e7\u00e3o Pol\u00edtica\",\"url\":\"https:\/\/observatorio-democracia.pt\/en\/\",\"logo\":{\"@type\":\"ImageObject\",\"inLanguage\":\"en-US\",\"@id\":\"https:\/\/observatorio-democracia.pt\/en\/#\/schema\/logo\/image\/\",\"url\":\"https:\/\/observatorio-democracia.pt\/wp-content\/uploads\/2022\/04\/logo-observatorio-democracia-forms.jpg\",\"contentUrl\":\"https:\/\/observatorio-democracia.pt\/wp-content\/uploads\/2022\/04\/logo-observatorio-democracia-forms.jpg\",\"width\":400,\"height\":98,\"caption\":\"Observat\u00f3rio da Democracia e da Representa\u00e7\u00e3o Pol\u00edtica\"},\"image\":{\"@id\":\"https:\/\/observatorio-democracia.pt\/en\/#\/schema\/logo\/image\/\"},\"sameAs\":[\"https:\/\/www.facebook.com\/observatorio.democracia.representacao.politica\",\"https:\/\/x.com\/Observatorioda4\",\"https:\/\/www.instagram.com\/observatoriodrp\/\"]},{\"@type\":\"Person\",\"@id\":\"https:\/\/observatorio-democracia.pt\/en\/#\/schema\/person\/ab1878e95a55730f5159ccf3d9ba4ba7\",\"name\":\"ObservatorioDemocracia-Team\",\"image\":{\"@type\":\"ImageObject\",\"inLanguage\":\"en-US\",\"@id\":\"https:\/\/observatorio-democracia.pt\/en\/#\/schema\/person\/image\/\",\"url\":\"https:\/\/secure.gravatar.com\/avatar\/98987b478dfed6e66b65e1d8a5ebf79d?s=96&d=mm&r=g\",\"contentUrl\":\"https:\/\/secure.gravatar.com\/avatar\/98987b478dfed6e66b65e1d8a5ebf79d?s=96&d=mm&r=g\",\"caption\":\"ObservatorioDemocracia-Team\"},\"url\":\"https:\/\/observatorio-democracia.pt\/en\/author\/observatoriodemocracia-team\/\"}]}<\/script>\n<!-- \/ Yoast SEO plugin. -->","yoast_head_json":{"title":"Brown Bag Seminars on Social Data 2023| ODRP-Iscte","description":"The participation of the Observatory of Democracy and Political Representation in the Brown Bag Seminars on Social Data 2023","robots":{"index":"index","follow":"follow","max-snippet":"max-snippet:-1","max-image-preview":"max-image-preview:large","max-video-preview":"max-video-preview:-1"},"canonical":"https:\/\/observatorio-democracia.pt\/en\/photo-galery-of-the-brown-bag-seminars-on-social-data-2023\/","og_locale":"en_US","og_type":"article","og_title":"Brown Bag Seminars on Social Data 2023| ODRP-Iscte","og_description":"The participation of the Observatory of Democracy and Political Representation in the Brown Bag Seminars on Social Data 2023","og_url":"https:\/\/observatorio-democracia.pt\/en\/photo-galery-of-the-brown-bag-seminars-on-social-data-2023\/","og_site_name":"Observat\u00f3rio da Democracia e da Representa\u00e7\u00e3o Pol\u00edtica","article_publisher":"https:\/\/www.facebook.com\/observatorio.democracia.representacao.politica","article_published_time":"2023-06-28T15:42:23+00:00","article_modified_time":"2023-06-28T15:55:25+00:00","og_image":[{"width":1600,"height":1063,"url":"https:\/\/observatorio-democracia.pt\/wp-content\/uploads\/2023\/06\/brown-bag-seminars-2023-observatorio-da-democracia-e-da-representacao-politica_001_52904866628_o-e1687966570624.jpg","type":"image\/jpeg"}],"author":"ObservatorioDemocracia-Team","twitter_card":"summary_large_image","twitter_creator":"@Observatorioda4","twitter_site":"@Observatorioda4","twitter_misc":{"Written by":"ObservatorioDemocracia-Team","Est. reading time":"1 minute"},"schema":{"@context":"https:\/\/schema.org","@graph":[{"@type":"Article","@id":"https:\/\/observatorio-democracia.pt\/en\/photo-galery-of-the-brown-bag-seminars-on-social-data-2023\/#article","isPartOf":{"@id":"https:\/\/observatorio-democracia.pt\/en\/photo-galery-of-the-brown-bag-seminars-on-social-data-2023\/"},"author":{"name":"ObservatorioDemocracia-Team","@id":"https:\/\/observatorio-democracia.pt\/en\/#\/schema\/person\/ab1878e95a55730f5159ccf3d9ba4ba7"},"headline":"Photo Galery of the Brown Bag Seminars on Social Data 2023","datePublished":"2023-06-28T15:42:23+00:00","dateModified":"2023-06-28T15:55:25+00:00","mainEntityOfPage":{"@id":"https:\/\/observatorio-democracia.pt\/en\/photo-galery-of-the-brown-bag-seminars-on-social-data-2023\/"},"wordCount":170,"publisher":{"@id":"https:\/\/observatorio-democracia.pt\/en\/#organization"},"image":{"@id":"https:\/\/observatorio-democracia.pt\/en\/photo-galery-of-the-brown-bag-seminars-on-social-data-2023\/#primaryimage"},"thumbnailUrl":"https:\/\/observatorio-democracia.pt\/wp-content\/uploads\/2023\/06\/brown-bag-seminars-2023-observatorio-da-democracia-e-da-representacao-politica_001_52904866628_o-e1687966570624.jpg","articleSection":["News"],"inLanguage":"en-US"},{"@type":"WebPage","@id":"https:\/\/observatorio-democracia.pt\/en\/photo-galery-of-the-brown-bag-seminars-on-social-data-2023\/","url":"https:\/\/observatorio-democracia.pt\/en\/photo-galery-of-the-brown-bag-seminars-on-social-data-2023\/","name":"Brown Bag Seminars on Social Data 2023| ODRP-Iscte","isPartOf":{"@id":"https:\/\/observatorio-democracia.pt\/en\/#website"},"primaryImageOfPage":{"@id":"https:\/\/observatorio-democracia.pt\/en\/photo-galery-of-the-brown-bag-seminars-on-social-data-2023\/#primaryimage"},"image":{"@id":"https:\/\/observatorio-democracia.pt\/en\/photo-galery-of-the-brown-bag-seminars-on-social-data-2023\/#primaryimage"},"thumbnailUrl":"https:\/\/observatorio-democracia.pt\/wp-content\/uploads\/2023\/06\/brown-bag-seminars-2023-observatorio-da-democracia-e-da-representacao-politica_001_52904866628_o-e1687966570624.jpg","datePublished":"2023-06-28T15:42:23+00:00","dateModified":"2023-06-28T15:55:25+00:00","description":"The participation of the Observatory of Democracy and Political Representation in the Brown Bag Seminars on Social Data 2023","breadcrumb":{"@id":"https:\/\/observatorio-democracia.pt\/en\/photo-galery-of-the-brown-bag-seminars-on-social-data-2023\/#breadcrumb"},"inLanguage":"en-US","potentialAction":[{"@type":"ReadAction","target":["https:\/\/observatorio-democracia.pt\/en\/photo-galery-of-the-brown-bag-seminars-on-social-data-2023\/"]}]},{"@type":"ImageObject","inLanguage":"en-US","@id":"https:\/\/observatorio-democracia.pt\/en\/photo-galery-of-the-brown-bag-seminars-on-social-data-2023\/#primaryimage","url":"https:\/\/observatorio-democracia.pt\/wp-content\/uploads\/2023\/06\/brown-bag-seminars-2023-observatorio-da-democracia-e-da-representacao-politica_001_52904866628_o-e1687966570624.jpg","contentUrl":"https:\/\/observatorio-democracia.pt\/wp-content\/uploads\/2023\/06\/brown-bag-seminars-2023-observatorio-da-democracia-e-da-representacao-politica_001_52904866628_o-e1687966570624.jpg","width":1600,"height":1063,"caption":"Os Brown Bag Seminars 2023, dedicado ao Observato\u0301rio da Democracia e da Representa\u00e7\u00e3o Pol\u00edtica, com a apresenta\u00e7\u00e3o por Andr\u00e9 Freire, teve lugar no Iscte, a 16 de maio de 2023. Fotografia de Hugo Alexandre Cruz"},{"@type":"BreadcrumbList","@id":"https:\/\/observatorio-democracia.pt\/en\/photo-galery-of-the-brown-bag-seminars-on-social-data-2023\/#breadcrumb","itemListElement":[{"@type":"ListItem","position":1,"name":"In\u00edcio","item":"https:\/\/observatorio-democracia.pt\/en\/"},{"@type":"ListItem","position":2,"name":"Photo Galery of the Brown Bag Seminars on Social Data 2023"}]},{"@type":"WebSite","@id":"https:\/\/observatorio-democracia.pt\/en\/#website","url":"https:\/\/observatorio-democracia.pt\/en\/","name":"Observat\u00f3rio da Democracia e da Representa\u00e7\u00e3o Pol\u00edtica","description":"Um bem para a Cidadania","publisher":{"@id":"https:\/\/observatorio-democracia.pt\/en\/#organization"},"potentialAction":[{"@type":"SearchAction","target":{"@type":"EntryPoint","urlTemplate":"https:\/\/observatorio-democracia.pt\/en\/?s={search_term_string}"},"query-input":{"@type":"PropertyValueSpecification","valueRequired":true,"valueName":"search_term_string"}}],"inLanguage":"en-US"},{"@type":"Organization","@id":"https:\/\/observatorio-democracia.pt\/en\/#organization","name":"Observat\u00f3rio da Democracia e da Representa\u00e7\u00e3o Pol\u00edtica","url":"https:\/\/observatorio-democracia.pt\/en\/","logo":{"@type":"ImageObject","inLanguage":"en-US","@id":"https:\/\/observatorio-democracia.pt\/en\/#\/schema\/logo\/image\/","url":"https:\/\/observatorio-democracia.pt\/wp-content\/uploads\/2022\/04\/logo-observatorio-democracia-forms.jpg","contentUrl":"https:\/\/observatorio-democracia.pt\/wp-content\/uploads\/2022\/04\/logo-observatorio-democracia-forms.jpg","width":400,"height":98,"caption":"Observat\u00f3rio da Democracia e da Representa\u00e7\u00e3o Pol\u00edtica"},"image":{"@id":"https:\/\/observatorio-democracia.pt\/en\/#\/schema\/logo\/image\/"},"sameAs":["https:\/\/www.facebook.com\/observatorio.democracia.representacao.politica","https:\/\/x.com\/Observatorioda4","https:\/\/www.instagram.com\/observatoriodrp\/"]},{"@type":"Person","@id":"https:\/\/observatorio-democracia.pt\/en\/#\/schema\/person\/ab1878e95a55730f5159ccf3d9ba4ba7","name":"ObservatorioDemocracia-Team","image":{"@type":"ImageObject","inLanguage":"en-US","@id":"https:\/\/observatorio-democracia.pt\/en\/#\/schema\/person\/image\/","url":"https:\/\/secure.gravatar.com\/avatar\/98987b478dfed6e66b65e1d8a5ebf79d?s=96&d=mm&r=g","contentUrl":"https:\/\/secure.gravatar.com\/avatar\/98987b478dfed6e66b65e1d8a5ebf79d?s=96&d=mm&r=g","caption":"ObservatorioDemocracia-Team"},"url":"https:\/\/observatorio-democracia.pt\/en\/author\/observatoriodemocracia-team\/"}]}},"_links":{"self":[{"href":"https:\/\/observatorio-democracia.pt\/en\/wp-json\/wp\/v2\/posts\/53188","targetHints":{"allow":["GET"]}}],"collection":[{"href":"https:\/\/observatorio-democracia.pt\/en\/wp-json\/wp\/v2\/posts"}],"about":[{"href":"https:\/\/observatorio-democracia.pt\/en\/wp-json\/wp\/v2\/types\/post"}],"author":[{"embeddable":true,"href":"https:\/\/observatorio-democracia.pt\/en\/wp-json\/wp\/v2\/users\/2"}],"replies":[{"embeddable":true,"href":"https:\/\/observatorio-democracia.pt\/en\/wp-json\/wp\/v2\/comments?post=53188"}],"version-history":[{"count":4,"href":"https:\/\/observatorio-democracia.pt\/en\/wp-json\/wp\/v2\/posts\/53188\/revisions"}],"predecessor-version":[{"id":53207,"href":"https:\/\/observatorio-democracia.pt\/en\/wp-json\/wp\/v2\/posts\/53188\/revisions\/53207"}],"wp:featuredmedia":[{"embeddable":true,"href":"https:\/\/observatorio-democracia.pt\/en\/wp-json\/wp\/v2\/media\/53190"}],"wp:attachment":[{"href":"https:\/\/observatorio-democracia.pt\/en\/wp-json\/wp\/v2\/media?parent=53188"}],"wp:term":[{"taxonomy":"category","embeddable":true,"href":"https:\/\/observatorio-democracia.pt\/en\/wp-json\/wp\/v2\/categories?post=53188"},{"taxonomy":"post_tag","embeddable":true,"href":"https:\/\/observatorio-democracia.pt\/en\/wp-json\/wp\/v2\/tags?post=53188"}],"curies":[{"name":"wp","href":"https:\/\/api.w.org\/{rel}","templated":true}]}}