{"id":52933,"date":"2022-10-03T19:33:09","date_gmt":"2022-10-03T19:33:09","guid":{"rendered":"https:\/\/observatorio-democracia.pt\/?p=52933"},"modified":"2022-10-04T15:10:32","modified_gmt":"2022-10-04T15:10:32","slug":"new-book-published-generational-divide","status":"publish","type":"post","link":"https:\/\/observatorio-democracia.pt\/en\/new-book-published-generational-divide\/","title":{"rendered":"New book published: &#8220;A Generational Divide? Age-related Aspects of Political Transformation in Post-crisis Southern Europe&#8221;"},"content":{"rendered":"\t\t<div data-elementor-type=\"wp-post\" data-elementor-id=\"52933\" class=\"elementor elementor-52933 elementor-52932\" data-elementor-post-type=\"post\">\n\t\t\t\t\t\t<section class=\"elementor-section elementor-top-section elementor-element elementor-element-c4d82ae elementor-section-stretched elementor-section-boxed elementor-section-height-default elementor-section-height-default\" data-id=\"c4d82ae\" data-element_type=\"section\" data-settings=\"{&quot;stretch_section&quot;:&quot;section-stretched&quot;}\">\n\t\t\t\t\t\t<div class=\"elementor-container elementor-column-gap-default\">\n\t\t\t\t\t<div class=\"elementor-column elementor-col-100 elementor-top-column elementor-element elementor-element-d1b5a89\" data-id=\"d1b5a89\" data-element_type=\"column\">\n\t\t\t<div class=\"elementor-widget-wrap elementor-element-populated\">\n\t\t\t\t\t\t<div class=\"elementor-element elementor-element-11bb85a elementor-widget elementor-widget-spacer\" data-id=\"11bb85a\" data-element_type=\"widget\" data-widget_type=\"spacer.default\">\n\t\t\t\t<div class=\"elementor-widget-container\">\n\t\t\t\t\t\t\t<div class=\"elementor-spacer\">\n\t\t\t<div class=\"elementor-spacer-inner\"><\/div>\n\t\t<\/div>\n\t\t\t\t\t\t<\/div>\n\t\t\t\t<\/div>\n\t\t\t\t<div class=\"elementor-element elementor-element-4f42b72 elementor-widget elementor-widget-spacer\" data-id=\"4f42b72\" data-element_type=\"widget\" data-widget_type=\"spacer.default\">\n\t\t\t\t<div class=\"elementor-widget-container\">\n\t\t\t\t\t\t\t<div class=\"elementor-spacer\">\n\t\t\t<div class=\"elementor-spacer-inner\"><\/div>\n\t\t<\/div>\n\t\t\t\t\t\t<\/div>\n\t\t\t\t<\/div>\n\t\t\t\t<div class=\"elementor-element elementor-element-4366989 elementor-widget elementor-widget-image\" data-id=\"4366989\" data-element_type=\"widget\" data-widget_type=\"image.default\">\n\t\t\t\t<div class=\"elementor-widget-container\">\n\t\t\t\t\t\t\t\t\t\t\t\t\t\t\t<img decoding=\"async\" width=\"180\" height=\"270\" src=\"https:\/\/observatorio-democracia.pt\/wp-content\/uploads\/2022\/08\/capa-livro-Emmanouil-Tsatsanis-Marco-Lisi-Andre-Freire.jpg\" class=\"attachment-large size-large wp-image-52769\" alt=\"\" \/>\t\t\t\t\t\t\t\t\t\t\t\t\t\t\t<\/div>\n\t\t\t\t<\/div>\n\t\t\t\t<div class=\"elementor-element elementor-element-34a6d9b elementor-widget elementor-widget-spacer\" data-id=\"34a6d9b\" data-element_type=\"widget\" data-widget_type=\"spacer.default\">\n\t\t\t\t<div class=\"elementor-widget-container\">\n\t\t\t\t\t\t\t<div class=\"elementor-spacer\">\n\t\t\t<div class=\"elementor-spacer-inner\"><\/div>\n\t\t<\/div>\n\t\t\t\t\t\t<\/div>\n\t\t\t\t<\/div>\n\t\t\t\t<div class=\"elementor-element elementor-element-761d027 elementor-widget elementor-widget-text-editor\" data-id=\"761d027\" data-element_type=\"widget\" data-widget_type=\"text-editor.default\">\n\t\t\t\t<div class=\"elementor-widget-container\">\n\t\t\t\t\t\t\t\t\t<p>\u00a0<\/p><p>Part of Routledge&#8217;s &#8220;South European Society and Politics&#8221; book series, the new publication entitled &#8220;A Generational Divide? Age-related Aspects of Political Transformation in Post-crisis Southern Europe&#8221; was released on September 29 and is now available for purchase.\u00a0<\/p><p>Edited by Emmanouil Tsatsanis, Marco Lisi, and Andr\u00e9 Freire, this edition features Jos\u00e9 Ram\u00f3n Montero, Irene Martin, Yannis Tsirbas, Jo\u00e3o Cancela, Mario Quaranta, Gema Garcia-Albacete, Javier Lorente, Enrico Borghetto, Jos\u00e9 Real-Dato, Andrea Pedrazzani, Xavier Coller, and Paolo Segatti.<\/p><p>Looking at the political consequences of the economic crisis in Southern Europe, the book is focused on the cases of Greece, Italy, Portugal and Spain to understand the various age-related cleavages in Southern Europe in the post-crisis period, exploring electoral behavior, political culture, democratic values, forms of political engagement and political representation. The publication is also related to the results obtained from the FCT research project on political representation, &#8220;Crisis, Political Representation and Democratic Renewal: The Portuguese case in the Southern European context&#8221; (FCT: PTDC\/IVC-CPO\/3098\/2014), also coordinated by Andr\u00e9 Freire, Marco Lisi, and Emmanouil Tsatsanis.<\/p><p>Emmanouil Tsatsanis is a researcher at the Greek National Centre for Social Research (EKKE) and at the Hellenic Foundation for European and Foreign Policy (ELIAMEP); Marco Lisi is an associate professor at the Department of Political Science of the Universidade Nova de Lisboa and a researcher at IPRI-NOVA; Andr\u00e9 Freire is a professor of political science at the Iscte-Instituto Universit\u00e1rio de Lisboa and director of the Observat\u00f3rio da Democracia e Representa\u00e7\u00e3o Pol\u00edtica<\/p><p><a href=\"https:\/\/www.routledge.com\/A-Generational-Divide-Age-related-Aspects-of-Political-Transformation\/Tsatsanis-Lisi-Freire\/p\/book\/9781032346380\">https:\/\/www.routledge.com\/A-Generational-Divide-Age-related-Aspects-of-Political-Transformation\/Tsatsanis-Lisi-Freire\/p\/book\/9781032346380<\/a><\/p>\t\t\t\t\t\t\t\t<\/div>\n\t\t\t\t<\/div>\n\t\t\t\t\t<\/div>\n\t\t<\/div>\n\t\t\t\t\t<\/div>\n\t\t<\/section>\n\t\t\t\t<section class=\"elementor-section elementor-top-section elementor-element elementor-element-3f2ff4f elementor-section-boxed elementor-section-height-default elementor-section-height-default\" data-id=\"3f2ff4f\" data-element_type=\"section\">\n\t\t\t\t\t\t<div class=\"elementor-container elementor-column-gap-default\">\n\t\t\t\t\t<div class=\"elementor-column elementor-col-100 elementor-top-column elementor-element elementor-element-ca622fe\" data-id=\"ca622fe\" data-element_type=\"column\">\n\t\t\t<div class=\"elementor-widget-wrap elementor-element-populated\">\n\t\t\t\t\t\t<div class=\"elementor-element elementor-element-d452c60 elementor-widget elementor-widget-spacer\" data-id=\"d452c60\" data-element_type=\"widget\" data-widget_type=\"spacer.default\">\n\t\t\t\t<div class=\"elementor-widget-container\">\n\t\t\t\t\t\t\t<div class=\"elementor-spacer\">\n\t\t\t<div class=\"elementor-spacer-inner\"><\/div>\n\t\t<\/div>\n\t\t\t\t\t\t<\/div>\n\t\t\t\t<\/div>\n\t\t\t\t<div class=\"elementor-element elementor-element-6afb4b6 elementor-share-buttons--shape-rounded elementor-share-buttons--align-center elementor-share-buttons--view-icon-text elementor-share-buttons--skin-gradient elementor-grid-0 elementor-share-buttons--color-official elementor-widget elementor-widget-share-buttons\" data-id=\"6afb4b6\" data-element_type=\"widget\" data-widget_type=\"share-buttons.default\">\n\t\t\t\t<div class=\"elementor-widget-container\">\n\t\t\t\t\t\t\t<div class=\"elementor-grid\">\n\t\t\t\t\t\t\t\t<div class=\"elementor-grid-item\">\n\t\t\t\t\t\t<div\n\t\t\t\t\t\t\tclass=\"elementor-share-btn elementor-share-btn_facebook\"\n\t\t\t\t\t\t\trole=\"button\"\n\t\t\t\t\t\t\ttabindex=\"0\"\n\t\t\t\t\t\t\taria-label=\"Share on facebook\"\n\t\t\t\t\t\t>\n\t\t\t\t\t\t\t\t\t\t\t\t\t\t\t<span class=\"elementor-share-btn__icon\">\n\t\t\t\t\t\t\t\t<i class=\"fab fa-facebook\" aria-hidden=\"true\"><\/i>\t\t\t\t\t\t\t<\/span>\n\t\t\t\t\t\t\t\t\t\t\t\t\t\t\t\t\t\t\t\t\t\t<div class=\"elementor-share-btn__text\">\n\t\t\t\t\t\t\t\t\t\t\t\t\t\t\t\t\t\t\t<span class=\"elementor-share-btn__title\">\n\t\t\t\t\t\t\t\t\t\tFacebook\t\t\t\t\t\t\t\t\t<\/span>\n\t\t\t\t\t\t\t\t\t\t\t\t\t\t\t\t\t<\/div>\n\t\t\t\t\t\t\t\t\t\t\t\t\t<\/div>\n\t\t\t\t\t<\/div>\n\t\t\t\t\t\t\t\t\t<div class=\"elementor-grid-item\">\n\t\t\t\t\t\t<div\n\t\t\t\t\t\t\tclass=\"elementor-share-btn elementor-share-btn_twitter\"\n\t\t\t\t\t\t\trole=\"button\"\n\t\t\t\t\t\t\ttabindex=\"0\"\n\t\t\t\t\t\t\taria-label=\"Share on twitter\"\n\t\t\t\t\t\t>\n\t\t\t\t\t\t\t\t\t\t\t\t\t\t\t<span class=\"elementor-share-btn__icon\">\n\t\t\t\t\t\t\t\t<i class=\"fab fa-twitter\" aria-hidden=\"true\"><\/i>\t\t\t\t\t\t\t<\/span>\n\t\t\t\t\t\t\t\t\t\t\t\t\t\t\t\t\t\t\t\t\t\t<div class=\"elementor-share-btn__text\">\n\t\t\t\t\t\t\t\t\t\t\t\t\t\t\t\t\t\t\t<span class=\"elementor-share-btn__title\">\n\t\t\t\t\t\t\t\t\t\tTwitter\t\t\t\t\t\t\t\t\t<\/span>\n\t\t\t\t\t\t\t\t\t\t\t\t\t\t\t\t\t<\/div>\n\t\t\t\t\t\t\t\t\t\t\t\t\t<\/div>\n\t\t\t\t\t<\/div>\n\t\t\t\t\t\t\t\t\t<div class=\"elementor-grid-item\">\n\t\t\t\t\t\t<div\n\t\t\t\t\t\t\tclass=\"elementor-share-btn elementor-share-btn_linkedin\"\n\t\t\t\t\t\t\trole=\"button\"\n\t\t\t\t\t\t\ttabindex=\"0\"\n\t\t\t\t\t\t\taria-label=\"Share on linkedin\"\n\t\t\t\t\t\t>\n\t\t\t\t\t\t\t\t\t\t\t\t\t\t\t<span class=\"elementor-share-btn__icon\">\n\t\t\t\t\t\t\t\t<i class=\"fab fa-linkedin\" aria-hidden=\"true\"><\/i>\t\t\t\t\t\t\t<\/span>\n\t\t\t\t\t\t\t\t\t\t\t\t\t\t\t\t\t\t\t\t\t\t<div class=\"elementor-share-btn__text\">\n\t\t\t\t\t\t\t\t\t\t\t\t\t\t\t\t\t\t\t<span class=\"elementor-share-btn__title\">\n\t\t\t\t\t\t\t\t\t\tLinkedIn\t\t\t\t\t\t\t\t\t<\/span>\n\t\t\t\t\t\t\t\t\t\t\t\t\t\t\t\t\t<\/div>\n\t\t\t\t\t\t\t\t\t\t\t\t\t<\/div>\n\t\t\t\t\t<\/div>\n\t\t\t\t\t\t\t\t\t<div class=\"elementor-grid-item\">\n\t\t\t\t\t\t<div\n\t\t\t\t\t\t\tclass=\"elementor-share-btn elementor-share-btn_whatsapp\"\n\t\t\t\t\t\t\trole=\"button\"\n\t\t\t\t\t\t\ttabindex=\"0\"\n\t\t\t\t\t\t\taria-label=\"Share on whatsapp\"\n\t\t\t\t\t\t>\n\t\t\t\t\t\t\t\t\t\t\t\t\t\t\t<span class=\"elementor-share-btn__icon\">\n\t\t\t\t\t\t\t\t<i class=\"fab fa-whatsapp\" aria-hidden=\"true\"><\/i>\t\t\t\t\t\t\t<\/span>\n\t\t\t\t\t\t\t\t\t\t\t\t\t\t\t\t\t\t\t\t\t\t<div class=\"elementor-share-btn__text\">\n\t\t\t\t\t\t\t\t\t\t\t\t\t\t\t\t\t\t\t<span class=\"elementor-share-btn__title\">\n\t\t\t\t\t\t\t\t\t\tWhatsApp\t\t\t\t\t\t\t\t\t<\/span>\n\t\t\t\t\t\t\t\t\t\t\t\t\t\t\t\t\t<\/div>\n\t\t\t\t\t\t\t\t\t\t\t\t\t<\/div>\n\t\t\t\t\t<\/div>\n\t\t\t\t\t\t<\/div>\n\t\t\t\t\t\t<\/div>\n\t\t\t\t<\/div>\n\t\t\t\t<div class=\"elementor-element elementor-element-fdeb0b5 elementor-widget elementor-widget-spacer\" data-id=\"fdeb0b5\" data-element_type=\"widget\" data-widget_type=\"spacer.default\">\n\t\t\t\t<div class=\"elementor-widget-container\">\n\t\t\t\t\t\t\t<div class=\"elementor-spacer\">\n\t\t\t<div class=\"elementor-spacer-inner\"><\/div>\n\t\t<\/div>\n\t\t\t\t\t\t<\/div>\n\t\t\t\t<\/div>\n\t\t\t\t\t<\/div>\n\t\t<\/div>\n\t\t\t\t\t<\/div>\n\t\t<\/section>\n\t\t\t\t<\/div>\n\t\t","protected":false},"excerpt":{"rendered":"<p>Part of Routledge&#8217;s &#8220;South European Society and Politics&#8221; book series, the new publication entitled &#8220;A Generational Divide? Age-related Aspects of Political Transformation in Post-crisis Southern Europe&#8221; was released on September 29 and is now available . <\/p>\n","protected":false},"author":2,"featured_media":52935,"comment_status":"open","ping_status":"open","sticky":false,"template":"elementor_canvas","format":"standard","meta":{"footnotes":""},"categories":[316],"tags":[],"class_list":["post-52933","post","type-post","status-publish","format-standard","has-post-thumbnail","hentry","category-noticias-en"],"yoast_head":"<!-- This site is optimized with the Yoast SEO plugin v24.7 - https:\/\/yoast.com\/wordpress\/plugins\/seo\/ -->\n<title>Returns with Professor Naim Bro&#039;s presentation | ODRP-Iscte<\/title>\n<meta name=\"description\" content=\"The &quot;Semin\u00e1rio Mensal Movimentos Sociais e A\u00e7\u00e3o Pol\u00edtica&quot; returns with Professor Naim Bro&#039;s presentation\" \/>\n<meta name=\"robots\" content=\"index, follow, max-snippet:-1, max-image-preview:large, max-video-preview:-1\" \/>\n<link rel=\"canonical\" href=\"https:\/\/observatorio-democracia.pt\/en\/new-book-published-generational-divide\/\" \/>\n<meta property=\"og:locale\" content=\"en_US\" \/>\n<meta property=\"og:type\" content=\"article\" \/>\n<meta property=\"og:title\" content=\"Returns with Professor Naim Bro&#039;s presentation | ODRP-Iscte\" \/>\n<meta property=\"og:description\" content=\"The &quot;Semin\u00e1rio Mensal Movimentos Sociais e A\u00e7\u00e3o Pol\u00edtica&quot; returns with Professor Naim Bro&#039;s presentation\" \/>\n<meta property=\"og:url\" content=\"https:\/\/observatorio-democracia.pt\/en\/new-book-published-generational-divide\/\" \/>\n<meta property=\"og:site_name\" content=\"Observat\u00f3rio da Democracia e da Representa\u00e7\u00e3o Pol\u00edtica\" \/>\n<meta property=\"article:publisher\" content=\"https:\/\/www.facebook.com\/observatorio.democracia.representacao.politica\" \/>\n<meta property=\"article:published_time\" content=\"2022-10-03T19:33:09+00:00\" \/>\n<meta property=\"article:modified_time\" content=\"2022-10-04T15:10:32+00:00\" \/>\n<meta property=\"og:image\" content=\"https:\/\/observatorio-democracia.pt\/wp-content\/uploads\/2022\/10\/IMG_0968-scaled-e1664825222604.jpg\" \/>\n\t<meta property=\"og:image:width\" content=\"2560\" \/>\n\t<meta property=\"og:image:height\" content=\"1707\" \/>\n\t<meta property=\"og:image:type\" content=\"image\/jpeg\" \/>\n<meta name=\"author\" content=\"ObservatorioDemocracia-Team\" \/>\n<meta name=\"twitter:card\" content=\"summary_large_image\" \/>\n<meta name=\"twitter:creator\" content=\"@Observatorioda4\" \/>\n<meta name=\"twitter:site\" content=\"@Observatorioda4\" \/>\n<meta name=\"twitter:label1\" content=\"Written by\" \/>\n\t<meta name=\"twitter:data1\" content=\"ObservatorioDemocracia-Team\" \/>\n\t<meta name=\"twitter:label2\" content=\"Est. reading time\" \/>\n\t<meta name=\"twitter:data2\" content=\"2 minutes\" \/>\n<script type=\"application\/ld+json\" class=\"yoast-schema-graph\">{\"@context\":\"https:\/\/schema.org\",\"@graph\":[{\"@type\":\"Article\",\"@id\":\"https:\/\/observatorio-democracia.pt\/en\/new-book-published-generational-divide\/#article\",\"isPartOf\":{\"@id\":\"https:\/\/observatorio-democracia.pt\/en\/new-book-published-generational-divide\/\"},\"author\":{\"name\":\"ObservatorioDemocracia-Team\",\"@id\":\"https:\/\/observatorio-democracia.pt\/en\/#\/schema\/person\/ab1878e95a55730f5159ccf3d9ba4ba7\"},\"headline\":\"New book published: &#8220;A Generational Divide? Age-related Aspects of Political Transformation in Post-crisis Southern Europe&#8221;\",\"datePublished\":\"2022-10-03T19:33:09+00:00\",\"dateModified\":\"2022-10-04T15:10:32+00:00\",\"mainEntityOfPage\":{\"@id\":\"https:\/\/observatorio-democracia.pt\/en\/new-book-published-generational-divide\/\"},\"wordCount\":275,\"commentCount\":0,\"publisher\":{\"@id\":\"https:\/\/observatorio-democracia.pt\/en\/#organization\"},\"image\":{\"@id\":\"https:\/\/observatorio-democracia.pt\/en\/new-book-published-generational-divide\/#primaryimage\"},\"thumbnailUrl\":\"https:\/\/observatorio-democracia.pt\/wp-content\/uploads\/2022\/10\/IMG_0968-scaled-e1664825222604.jpg\",\"articleSection\":[\"News\"],\"inLanguage\":\"en-US\",\"potentialAction\":[{\"@type\":\"CommentAction\",\"name\":\"Comment\",\"target\":[\"https:\/\/observatorio-democracia.pt\/en\/new-book-published-generational-divide\/#respond\"]}]},{\"@type\":\"WebPage\",\"@id\":\"https:\/\/observatorio-democracia.pt\/en\/new-book-published-generational-divide\/\",\"url\":\"https:\/\/observatorio-democracia.pt\/en\/new-book-published-generational-divide\/\",\"name\":\"Returns with Professor Naim Bro's presentation | ODRP-Iscte\",\"isPartOf\":{\"@id\":\"https:\/\/observatorio-democracia.pt\/en\/#website\"},\"primaryImageOfPage\":{\"@id\":\"https:\/\/observatorio-democracia.pt\/en\/new-book-published-generational-divide\/#primaryimage\"},\"image\":{\"@id\":\"https:\/\/observatorio-democracia.pt\/en\/new-book-published-generational-divide\/#primaryimage\"},\"thumbnailUrl\":\"https:\/\/observatorio-democracia.pt\/wp-content\/uploads\/2022\/10\/IMG_0968-scaled-e1664825222604.jpg\",\"datePublished\":\"2022-10-03T19:33:09+00:00\",\"dateModified\":\"2022-10-04T15:10:32+00:00\",\"description\":\"The \\\"Semin\u00e1rio Mensal Movimentos Sociais e A\u00e7\u00e3o Pol\u00edtica\\\" returns with Professor Naim Bro's presentation\",\"breadcrumb\":{\"@id\":\"https:\/\/observatorio-democracia.pt\/en\/new-book-published-generational-divide\/#breadcrumb\"},\"inLanguage\":\"en-US\",\"potentialAction\":[{\"@type\":\"ReadAction\",\"target\":[\"https:\/\/observatorio-democracia.pt\/en\/new-book-published-generational-divide\/\"]}]},{\"@type\":\"ImageObject\",\"inLanguage\":\"en-US\",\"@id\":\"https:\/\/observatorio-democracia.pt\/en\/new-book-published-generational-divide\/#primaryimage\",\"url\":\"https:\/\/observatorio-democracia.pt\/wp-content\/uploads\/2022\/10\/IMG_0968-scaled-e1664825222604.jpg\",\"contentUrl\":\"https:\/\/observatorio-democracia.pt\/wp-content\/uploads\/2022\/10\/IMG_0968-scaled-e1664825222604.jpg\",\"width\":2560,\"height\":1707},{\"@type\":\"BreadcrumbList\",\"@id\":\"https:\/\/observatorio-democracia.pt\/en\/new-book-published-generational-divide\/#breadcrumb\",\"itemListElement\":[{\"@type\":\"ListItem\",\"position\":1,\"name\":\"In\u00edcio\",\"item\":\"https:\/\/observatorio-democracia.pt\/en\/\"},{\"@type\":\"ListItem\",\"position\":2,\"name\":\"New book published: &#8220;A Generational Divide? Age-related Aspects of Political Transformation in Post-crisis Southern Europe&#8221;\"}]},{\"@type\":\"WebSite\",\"@id\":\"https:\/\/observatorio-democracia.pt\/en\/#website\",\"url\":\"https:\/\/observatorio-democracia.pt\/en\/\",\"name\":\"Observat\u00f3rio da Democracia e da Representa\u00e7\u00e3o Pol\u00edtica\",\"description\":\"Um bem para a Cidadania\",\"publisher\":{\"@id\":\"https:\/\/observatorio-democracia.pt\/en\/#organization\"},\"potentialAction\":[{\"@type\":\"SearchAction\",\"target\":{\"@type\":\"EntryPoint\",\"urlTemplate\":\"https:\/\/observatorio-democracia.pt\/en\/?s={search_term_string}\"},\"query-input\":{\"@type\":\"PropertyValueSpecification\",\"valueRequired\":true,\"valueName\":\"search_term_string\"}}],\"inLanguage\":\"en-US\"},{\"@type\":\"Organization\",\"@id\":\"https:\/\/observatorio-democracia.pt\/en\/#organization\",\"name\":\"Observat\u00f3rio da Democracia e da Representa\u00e7\u00e3o Pol\u00edtica\",\"url\":\"https:\/\/observatorio-democracia.pt\/en\/\",\"logo\":{\"@type\":\"ImageObject\",\"inLanguage\":\"en-US\",\"@id\":\"https:\/\/observatorio-democracia.pt\/en\/#\/schema\/logo\/image\/\",\"url\":\"https:\/\/observatorio-democracia.pt\/wp-content\/uploads\/2022\/04\/logo-observatorio-democracia-forms.jpg\",\"contentUrl\":\"https:\/\/observatorio-democracia.pt\/wp-content\/uploads\/2022\/04\/logo-observatorio-democracia-forms.jpg\",\"width\":400,\"height\":98,\"caption\":\"Observat\u00f3rio da Democracia e da Representa\u00e7\u00e3o Pol\u00edtica\"},\"image\":{\"@id\":\"https:\/\/observatorio-democracia.pt\/en\/#\/schema\/logo\/image\/\"},\"sameAs\":[\"https:\/\/www.facebook.com\/observatorio.democracia.representacao.politica\",\"https:\/\/x.com\/Observatorioda4\",\"https:\/\/www.instagram.com\/observatoriodrp\/\"]},{\"@type\":\"Person\",\"@id\":\"https:\/\/observatorio-democracia.pt\/en\/#\/schema\/person\/ab1878e95a55730f5159ccf3d9ba4ba7\",\"name\":\"ObservatorioDemocracia-Team\",\"image\":{\"@type\":\"ImageObject\",\"inLanguage\":\"en-US\",\"@id\":\"https:\/\/observatorio-democracia.pt\/en\/#\/schema\/person\/image\/\",\"url\":\"https:\/\/secure.gravatar.com\/avatar\/98987b478dfed6e66b65e1d8a5ebf79d?s=96&d=mm&r=g\",\"contentUrl\":\"https:\/\/secure.gravatar.com\/avatar\/98987b478dfed6e66b65e1d8a5ebf79d?s=96&d=mm&r=g\",\"caption\":\"ObservatorioDemocracia-Team\"},\"url\":\"https:\/\/observatorio-democracia.pt\/en\/author\/observatoriodemocracia-team\/\"}]}<\/script>\n<!-- \/ Yoast SEO plugin. -->","yoast_head_json":{"title":"Returns with Professor Naim Bro's presentation | ODRP-Iscte","description":"The \"Semin\u00e1rio Mensal Movimentos Sociais e A\u00e7\u00e3o Pol\u00edtica\" returns with Professor Naim Bro's presentation","robots":{"index":"index","follow":"follow","max-snippet":"max-snippet:-1","max-image-preview":"max-image-preview:large","max-video-preview":"max-video-preview:-1"},"canonical":"https:\/\/observatorio-democracia.pt\/en\/new-book-published-generational-divide\/","og_locale":"en_US","og_type":"article","og_title":"Returns with Professor Naim Bro's presentation | ODRP-Iscte","og_description":"The \"Semin\u00e1rio Mensal Movimentos Sociais e A\u00e7\u00e3o Pol\u00edtica\" returns with Professor Naim Bro's presentation","og_url":"https:\/\/observatorio-democracia.pt\/en\/new-book-published-generational-divide\/","og_site_name":"Observat\u00f3rio da Democracia e da Representa\u00e7\u00e3o Pol\u00edtica","article_publisher":"https:\/\/www.facebook.com\/observatorio.democracia.representacao.politica","article_published_time":"2022-10-03T19:33:09+00:00","article_modified_time":"2022-10-04T15:10:32+00:00","og_image":[{"width":2560,"height":1707,"url":"https:\/\/observatorio-democracia.pt\/wp-content\/uploads\/2022\/10\/IMG_0968-scaled-e1664825222604.jpg","type":"image\/jpeg"}],"author":"ObservatorioDemocracia-Team","twitter_card":"summary_large_image","twitter_creator":"@Observatorioda4","twitter_site":"@Observatorioda4","twitter_misc":{"Written by":"ObservatorioDemocracia-Team","Est. reading time":"2 minutes"},"schema":{"@context":"https:\/\/schema.org","@graph":[{"@type":"Article","@id":"https:\/\/observatorio-democracia.pt\/en\/new-book-published-generational-divide\/#article","isPartOf":{"@id":"https:\/\/observatorio-democracia.pt\/en\/new-book-published-generational-divide\/"},"author":{"name":"ObservatorioDemocracia-Team","@id":"https:\/\/observatorio-democracia.pt\/en\/#\/schema\/person\/ab1878e95a55730f5159ccf3d9ba4ba7"},"headline":"New book published: &#8220;A Generational Divide? Age-related Aspects of Political Transformation in Post-crisis Southern Europe&#8221;","datePublished":"2022-10-03T19:33:09+00:00","dateModified":"2022-10-04T15:10:32+00:00","mainEntityOfPage":{"@id":"https:\/\/observatorio-democracia.pt\/en\/new-book-published-generational-divide\/"},"wordCount":275,"commentCount":0,"publisher":{"@id":"https:\/\/observatorio-democracia.pt\/en\/#organization"},"image":{"@id":"https:\/\/observatorio-democracia.pt\/en\/new-book-published-generational-divide\/#primaryimage"},"thumbnailUrl":"https:\/\/observatorio-democracia.pt\/wp-content\/uploads\/2022\/10\/IMG_0968-scaled-e1664825222604.jpg","articleSection":["News"],"inLanguage":"en-US","potentialAction":[{"@type":"CommentAction","name":"Comment","target":["https:\/\/observatorio-democracia.pt\/en\/new-book-published-generational-divide\/#respond"]}]},{"@type":"WebPage","@id":"https:\/\/observatorio-democracia.pt\/en\/new-book-published-generational-divide\/","url":"https:\/\/observatorio-democracia.pt\/en\/new-book-published-generational-divide\/","name":"Returns with Professor Naim Bro's presentation | ODRP-Iscte","isPartOf":{"@id":"https:\/\/observatorio-democracia.pt\/en\/#website"},"primaryImageOfPage":{"@id":"https:\/\/observatorio-democracia.pt\/en\/new-book-published-generational-divide\/#primaryimage"},"image":{"@id":"https:\/\/observatorio-democracia.pt\/en\/new-book-published-generational-divide\/#primaryimage"},"thumbnailUrl":"https:\/\/observatorio-democracia.pt\/wp-content\/uploads\/2022\/10\/IMG_0968-scaled-e1664825222604.jpg","datePublished":"2022-10-03T19:33:09+00:00","dateModified":"2022-10-04T15:10:32+00:00","description":"The \"Semin\u00e1rio Mensal Movimentos Sociais e A\u00e7\u00e3o Pol\u00edtica\" returns with Professor Naim Bro's presentation","breadcrumb":{"@id":"https:\/\/observatorio-democracia.pt\/en\/new-book-published-generational-divide\/#breadcrumb"},"inLanguage":"en-US","potentialAction":[{"@type":"ReadAction","target":["https:\/\/observatorio-democracia.pt\/en\/new-book-published-generational-divide\/"]}]},{"@type":"ImageObject","inLanguage":"en-US","@id":"https:\/\/observatorio-democracia.pt\/en\/new-book-published-generational-divide\/#primaryimage","url":"https:\/\/observatorio-democracia.pt\/wp-content\/uploads\/2022\/10\/IMG_0968-scaled-e1664825222604.jpg","contentUrl":"https:\/\/observatorio-democracia.pt\/wp-content\/uploads\/2022\/10\/IMG_0968-scaled-e1664825222604.jpg","width":2560,"height":1707},{"@type":"BreadcrumbList","@id":"https:\/\/observatorio-democracia.pt\/en\/new-book-published-generational-divide\/#breadcrumb","itemListElement":[{"@type":"ListItem","position":1,"name":"In\u00edcio","item":"https:\/\/observatorio-democracia.pt\/en\/"},{"@type":"ListItem","position":2,"name":"New book published: &#8220;A Generational Divide? Age-related Aspects of Political Transformation in Post-crisis Southern Europe&#8221;"}]},{"@type":"WebSite","@id":"https:\/\/observatorio-democracia.pt\/en\/#website","url":"https:\/\/observatorio-democracia.pt\/en\/","name":"Observat\u00f3rio da Democracia e da Representa\u00e7\u00e3o Pol\u00edtica","description":"Um bem para a Cidadania","publisher":{"@id":"https:\/\/observatorio-democracia.pt\/en\/#organization"},"potentialAction":[{"@type":"SearchAction","target":{"@type":"EntryPoint","urlTemplate":"https:\/\/observatorio-democracia.pt\/en\/?s={search_term_string}"},"query-input":{"@type":"PropertyValueSpecification","valueRequired":true,"valueName":"search_term_string"}}],"inLanguage":"en-US"},{"@type":"Organization","@id":"https:\/\/observatorio-democracia.pt\/en\/#organization","name":"Observat\u00f3rio da Democracia e da Representa\u00e7\u00e3o Pol\u00edtica","url":"https:\/\/observatorio-democracia.pt\/en\/","logo":{"@type":"ImageObject","inLanguage":"en-US","@id":"https:\/\/observatorio-democracia.pt\/en\/#\/schema\/logo\/image\/","url":"https:\/\/observatorio-democracia.pt\/wp-content\/uploads\/2022\/04\/logo-observatorio-democracia-forms.jpg","contentUrl":"https:\/\/observatorio-democracia.pt\/wp-content\/uploads\/2022\/04\/logo-observatorio-democracia-forms.jpg","width":400,"height":98,"caption":"Observat\u00f3rio da Democracia e da Representa\u00e7\u00e3o Pol\u00edtica"},"image":{"@id":"https:\/\/observatorio-democracia.pt\/en\/#\/schema\/logo\/image\/"},"sameAs":["https:\/\/www.facebook.com\/observatorio.democracia.representacao.politica","https:\/\/x.com\/Observatorioda4","https:\/\/www.instagram.com\/observatoriodrp\/"]},{"@type":"Person","@id":"https:\/\/observatorio-democracia.pt\/en\/#\/schema\/person\/ab1878e95a55730f5159ccf3d9ba4ba7","name":"ObservatorioDemocracia-Team","image":{"@type":"ImageObject","inLanguage":"en-US","@id":"https:\/\/observatorio-democracia.pt\/en\/#\/schema\/person\/image\/","url":"https:\/\/secure.gravatar.com\/avatar\/98987b478dfed6e66b65e1d8a5ebf79d?s=96&d=mm&r=g","contentUrl":"https:\/\/secure.gravatar.com\/avatar\/98987b478dfed6e66b65e1d8a5ebf79d?s=96&d=mm&r=g","caption":"ObservatorioDemocracia-Team"},"url":"https:\/\/observatorio-democracia.pt\/en\/author\/observatoriodemocracia-team\/"}]}},"_links":{"self":[{"href":"https:\/\/observatorio-democracia.pt\/en\/wp-json\/wp\/v2\/posts\/52933","targetHints":{"allow":["GET"]}}],"collection":[{"href":"https:\/\/observatorio-democracia.pt\/en\/wp-json\/wp\/v2\/posts"}],"about":[{"href":"https:\/\/observatorio-democracia.pt\/en\/wp-json\/wp\/v2\/types\/post"}],"author":[{"embeddable":true,"href":"https:\/\/observatorio-democracia.pt\/en\/wp-json\/wp\/v2\/users\/2"}],"replies":[{"embeddable":true,"href":"https:\/\/observatorio-democracia.pt\/en\/wp-json\/wp\/v2\/comments?post=52933"}],"version-history":[{"count":10,"href":"https:\/\/observatorio-democracia.pt\/en\/wp-json\/wp\/v2\/posts\/52933\/revisions"}],"predecessor-version":[{"id":52957,"href":"https:\/\/observatorio-democracia.pt\/en\/wp-json\/wp\/v2\/posts\/52933\/revisions\/52957"}],"wp:featuredmedia":[{"embeddable":true,"href":"https:\/\/observatorio-democracia.pt\/en\/wp-json\/wp\/v2\/media\/52935"}],"wp:attachment":[{"href":"https:\/\/observatorio-democracia.pt\/en\/wp-json\/wp\/v2\/media?parent=52933"}],"wp:term":[{"taxonomy":"category","embeddable":true,"href":"https:\/\/observatorio-democracia.pt\/en\/wp-json\/wp\/v2\/categories?post=52933"},{"taxonomy":"post_tag","embeddable":true,"href":"https:\/\/observatorio-democracia.pt\/en\/wp-json\/wp\/v2\/tags?post=52933"}],"curies":[{"name":"wp","href":"https:\/\/api.w.org\/{rel}","templated":true}]}}