{"id":52054,"date":"2022-04-27T17:47:25","date_gmt":"2022-04-27T17:47:25","guid":{"rendered":"https:\/\/observatorio-democracia.pt\/da-austeridade-a-pandemia\/"},"modified":"2022-07-12T15:49:54","modified_gmt":"2022-07-12T15:49:54","slug":"da-austeridade-a-pandemia","status":"publish","type":"post","link":"https:\/\/observatorio-democracia.pt\/en\/da-austeridade-a-pandemia\/","title":{"rendered":"New book to be published under the ODRP: &#8220;Da Austeridade \u00e0 Pandemia. Portugal e a Europa entre crises e inova\u00e7\u00f5es&#8221;"},"content":{"rendered":"\t\t<div data-elementor-type=\"wp-post\" data-elementor-id=\"52054\" class=\"elementor elementor-52054 elementor-50661\" data-elementor-post-type=\"post\">\n\t\t\t\t\t\t<section class=\"elementor-section elementor-top-section elementor-element elementor-element-c4d82ae elementor-section-stretched elementor-section-boxed elementor-section-height-default elementor-section-height-default\" data-id=\"c4d82ae\" data-element_type=\"section\" data-settings=\"{&quot;stretch_section&quot;:&quot;section-stretched&quot;}\">\n\t\t\t\t\t\t<div class=\"elementor-container elementor-column-gap-default\">\n\t\t\t\t\t<div class=\"elementor-column elementor-col-100 elementor-top-column elementor-element elementor-element-d1b5a89\" data-id=\"d1b5a89\" data-element_type=\"column\">\n\t\t\t<div class=\"elementor-widget-wrap elementor-element-populated\">\n\t\t\t\t\t\t<div class=\"elementor-element elementor-element-11bb85a elementor-widget elementor-widget-spacer\" data-id=\"11bb85a\" data-element_type=\"widget\" data-widget_type=\"spacer.default\">\n\t\t\t\t<div class=\"elementor-widget-container\">\n\t\t\t\t\t\t\t<div class=\"elementor-spacer\">\n\t\t\t<div class=\"elementor-spacer-inner\"><\/div>\n\t\t<\/div>\n\t\t\t\t\t\t<\/div>\n\t\t\t\t<\/div>\n\t\t\t\t<div class=\"elementor-element elementor-element-fe49853 elementor-widget elementor-widget-image\" data-id=\"fe49853\" data-element_type=\"widget\" data-widget_type=\"image.default\">\n\t\t\t\t<div class=\"elementor-widget-container\">\n\t\t\t\t\t\t\t\t\t\t\t\t\t\t\t<img fetchpriority=\"high\" decoding=\"async\" width=\"1100\" height=\"735\" src=\"https:\/\/observatorio-democracia.pt\/wp-content\/uploads\/2022\/04\/novo-livro-pandemia-austoridade-e1701714702719.jpg\" class=\"attachment-full size-full wp-image-50662\" alt=\"Novo livro a editar no \u00e2mbito do ODRP\" srcset=\"https:\/\/observatorio-democracia.pt\/wp-content\/uploads\/2022\/04\/novo-livro-pandemia-austoridade-e1701714702719.jpg 1100w, https:\/\/observatorio-democracia.pt\/wp-content\/uploads\/2022\/04\/novo-livro-pandemia-austoridade-e1701714702719-300x200.jpg 300w, https:\/\/observatorio-democracia.pt\/wp-content\/uploads\/2022\/04\/novo-livro-pandemia-austoridade-e1701714702719-1024x684.jpg 1024w, https:\/\/observatorio-democracia.pt\/wp-content\/uploads\/2022\/04\/novo-livro-pandemia-austoridade-e1701714702719-768x513.jpg 768w, https:\/\/observatorio-democracia.pt\/wp-content\/uploads\/2022\/04\/novo-livro-pandemia-austoridade-e1701714702719-391x260.jpg 391w, https:\/\/observatorio-democracia.pt\/wp-content\/uploads\/2022\/04\/novo-livro-pandemia-austoridade-e1701714702719-1000x668.jpg 1000w\" sizes=\"(max-width: 1100px) 100vw, 1100px\" \/>\t\t\t\t\t\t\t\t\t\t\t\t\t\t\t<\/div>\n\t\t\t\t<\/div>\n\t\t\t\t<div class=\"elementor-element elementor-element-21f837c elementor-widget elementor-widget-text-editor\" data-id=\"21f837c\" data-element_type=\"widget\" data-widget_type=\"text-editor.default\">\n\t\t\t\t<div class=\"elementor-widget-container\">\n\t\t\t\t\t\t\t\t\t<p>\u00a9 cr\u00e9dito fotogr\u00e1fico: Cies<\/p>\t\t\t\t\t\t\t\t<\/div>\n\t\t\t\t<\/div>\n\t\t\t\t<div class=\"elementor-element elementor-element-4f42b72 elementor-widget elementor-widget-spacer\" data-id=\"4f42b72\" data-element_type=\"widget\" data-widget_type=\"spacer.default\">\n\t\t\t\t<div class=\"elementor-widget-container\">\n\t\t\t\t\t\t\t<div class=\"elementor-spacer\">\n\t\t\t<div class=\"elementor-spacer-inner\"><\/div>\n\t\t<\/div>\n\t\t\t\t\t\t<\/div>\n\t\t\t\t<\/div>\n\t\t\t\t<div class=\"elementor-element elementor-element-d060b65 elementor-widget elementor-widget-heading\" data-id=\"d060b65\" data-element_type=\"widget\" data-widget_type=\"heading.default\">\n\t\t\t\t<div class=\"elementor-widget-container\">\n\t\t\t\t\t<h2 class=\"elementor-heading-title elementor-size-default\">New book to be published under the ODRP: \"Da Austeridade \u00e0 Pandemia. Portugal e a Europa entre crises e inova\u00e7\u00f5es\"\n<\/h2>\t\t\t\t<\/div>\n\t\t\t\t<\/div>\n\t\t\t\t<div class=\"elementor-element elementor-element-34a6d9b elementor-widget elementor-widget-spacer\" data-id=\"34a6d9b\" data-element_type=\"widget\" data-widget_type=\"spacer.default\">\n\t\t\t\t<div class=\"elementor-widget-container\">\n\t\t\t\t\t\t\t<div class=\"elementor-spacer\">\n\t\t\t<div class=\"elementor-spacer-inner\"><\/div>\n\t\t<\/div>\n\t\t\t\t\t\t<\/div>\n\t\t\t\t<\/div>\n\t\t\t\t<div class=\"elementor-element elementor-element-761d027 elementor-widget elementor-widget-text-editor\" data-id=\"761d027\" data-element_type=\"widget\" data-widget_type=\"text-editor.default\">\n\t\t\t\t<div class=\"elementor-widget-container\">\n\t\t\t\t\t\t\t\t\t<p class=\"p1\"><span class=\"s1\">Following the interdisciplinary conference &#8220;Da Austeridade \u00e0 Pandemia. Portugal e a Europa entre crises e inova\u00e7\u00f5es&#8221;, held on June 17 and 18, 2021 at Iscte \u2013 Instituto Universit\u00e1rio de Lisboa, with researchers from the various disciplinary areas of the &#8220;Politics and Citizenship&#8221; Group of CIES-Iscte, soon, we hope to edit the result of the papers presented in the book: \u201cDa Austeridade \u00e0 Pandemia. Portugal e Europa entre crises e inova\u00e7\u00f5es\u201d, organized by Andr\u00e9 Freire, Guya Acornero, Viriato Queiroga, Maria Asensio, Helena Belchior and Jos\u00e9 Santana Pereira, which is expected to be published by Mundos Sociais<\/span><\/p>\n<p class=\"p1\"><span class=\"s1\">Based on the contributions of several researchers, the publication is planned to contemplate four major topics: &#8220;Crises and Innovations: The Perspectives of Social Work&#8221;; &#8220;Crises and Innovations: the Perspectives of Public Policy&#8221;; &#8220;Crises and Innovations: the Perspectives of Sociology&#8221;; &#8220;Crises and Innovations: the Perspectives of Political Science&#8221;.<\/span><\/p>\n<p class=\"p1\"><span class=\"s1\">The book will feature the following authors: Ana Esp\u00edrito-Santo; Andr\u00e9 Freire; C\u00e9sar Madureira; Denise Henriques Quintela; Edalina Rodrigues Sanches; Goffredo Adinolfi; Guya Accornero; Helena Belchior Rocha; Hugo Ferrinho Lopes; In\u00eas Casquilho-Martins; J\u00e9ssica Pereira; Jorge Ferreira; Jos\u00e9 Santana Pereira; Luana do Rocio Taborda; Lucca Viersa Barros Silva; Ma\u00edsa Lima; Maria Ant\u00f3nia Pires de Almeida; Maria Asensio; Maria Jo\u00e3o Pena; Pablo \u00c1lvarez-P\u00e9rez; Ricardo Carvalho; S\u00e9rgio Pratas; Sofia Serra-Silva; Susana Rogeiro Nina; Tatiana Soares; Tiago Carvalho; and Viriato Queiroga.<\/span><\/p>\t\t\t\t\t\t\t\t<\/div>\n\t\t\t\t<\/div>\n\t\t\t\t\t<\/div>\n\t\t<\/div>\n\t\t\t\t\t<\/div>\n\t\t<\/section>\n\t\t\t\t<section class=\"elementor-section elementor-top-section elementor-element elementor-element-a58331 elementor-section-boxed elementor-section-height-default elementor-section-height-default\" data-id=\"a58331\" data-element_type=\"section\">\n\t\t\t\t\t\t<div class=\"elementor-container elementor-column-gap-default\">\n\t\t\t\t\t<div class=\"elementor-column elementor-col-100 elementor-top-column elementor-element elementor-element-5e4bd819\" data-id=\"5e4bd819\" data-element_type=\"column\">\n\t\t\t<div class=\"elementor-widget-wrap elementor-element-populated\">\n\t\t\t\t\t\t<div class=\"elementor-element elementor-element-29e31b97 elementor-widget elementor-widget-spacer\" data-id=\"29e31b97\" data-element_type=\"widget\" data-widget_type=\"spacer.default\">\n\t\t\t\t<div class=\"elementor-widget-container\">\n\t\t\t\t\t\t\t<div class=\"elementor-spacer\">\n\t\t\t<div class=\"elementor-spacer-inner\"><\/div>\n\t\t<\/div>\n\t\t\t\t\t\t<\/div>\n\t\t\t\t<\/div>\n\t\t\t\t<div class=\"elementor-element elementor-element-2a6b20d8 elementor-share-buttons--shape-rounded elementor-share-buttons--align-center elementor-share-buttons--view-icon-text elementor-share-buttons--skin-gradient elementor-grid-0 elementor-share-buttons--color-official elementor-widget elementor-widget-share-buttons\" data-id=\"2a6b20d8\" data-element_type=\"widget\" data-widget_type=\"share-buttons.default\">\n\t\t\t\t<div class=\"elementor-widget-container\">\n\t\t\t\t\t\t\t<div class=\"elementor-grid\">\n\t\t\t\t\t\t\t\t<div class=\"elementor-grid-item\">\n\t\t\t\t\t\t<div\n\t\t\t\t\t\t\tclass=\"elementor-share-btn elementor-share-btn_facebook\"\n\t\t\t\t\t\t\trole=\"button\"\n\t\t\t\t\t\t\ttabindex=\"0\"\n\t\t\t\t\t\t\taria-label=\"Share on facebook\"\n\t\t\t\t\t\t>\n\t\t\t\t\t\t\t\t\t\t\t\t\t\t\t<span class=\"elementor-share-btn__icon\">\n\t\t\t\t\t\t\t\t<i class=\"fab fa-facebook\" aria-hidden=\"true\"><\/i>\t\t\t\t\t\t\t<\/span>\n\t\t\t\t\t\t\t\t\t\t\t\t\t\t\t\t\t\t\t\t\t\t<div class=\"elementor-share-btn__text\">\n\t\t\t\t\t\t\t\t\t\t\t\t\t\t\t\t\t\t\t<span class=\"elementor-share-btn__title\">\n\t\t\t\t\t\t\t\t\t\tFacebook\t\t\t\t\t\t\t\t\t<\/span>\n\t\t\t\t\t\t\t\t\t\t\t\t\t\t\t\t\t<\/div>\n\t\t\t\t\t\t\t\t\t\t\t\t\t<\/div>\n\t\t\t\t\t<\/div>\n\t\t\t\t\t\t\t\t\t<div class=\"elementor-grid-item\">\n\t\t\t\t\t\t<div\n\t\t\t\t\t\t\tclass=\"elementor-share-btn elementor-share-btn_twitter\"\n\t\t\t\t\t\t\trole=\"button\"\n\t\t\t\t\t\t\ttabindex=\"0\"\n\t\t\t\t\t\t\taria-label=\"Share on twitter\"\n\t\t\t\t\t\t>\n\t\t\t\t\t\t\t\t\t\t\t\t\t\t\t<span class=\"elementor-share-btn__icon\">\n\t\t\t\t\t\t\t\t<i class=\"fab fa-twitter\" aria-hidden=\"true\"><\/i>\t\t\t\t\t\t\t<\/span>\n\t\t\t\t\t\t\t\t\t\t\t\t\t\t\t\t\t\t\t\t\t\t<div class=\"elementor-share-btn__text\">\n\t\t\t\t\t\t\t\t\t\t\t\t\t\t\t\t\t\t\t<span class=\"elementor-share-btn__title\">\n\t\t\t\t\t\t\t\t\t\tTwitter\t\t\t\t\t\t\t\t\t<\/span>\n\t\t\t\t\t\t\t\t\t\t\t\t\t\t\t\t\t<\/div>\n\t\t\t\t\t\t\t\t\t\t\t\t\t<\/div>\n\t\t\t\t\t<\/div>\n\t\t\t\t\t\t\t\t\t<div class=\"elementor-grid-item\">\n\t\t\t\t\t\t<div\n\t\t\t\t\t\t\tclass=\"elementor-share-btn elementor-share-btn_linkedin\"\n\t\t\t\t\t\t\trole=\"button\"\n\t\t\t\t\t\t\ttabindex=\"0\"\n\t\t\t\t\t\t\taria-label=\"Share on linkedin\"\n\t\t\t\t\t\t>\n\t\t\t\t\t\t\t\t\t\t\t\t\t\t\t<span class=\"elementor-share-btn__icon\">\n\t\t\t\t\t\t\t\t<i class=\"fab fa-linkedin\" aria-hidden=\"true\"><\/i>\t\t\t\t\t\t\t<\/span>\n\t\t\t\t\t\t\t\t\t\t\t\t\t\t\t\t\t\t\t\t\t\t<div class=\"elementor-share-btn__text\">\n\t\t\t\t\t\t\t\t\t\t\t\t\t\t\t\t\t\t\t<span class=\"elementor-share-btn__title\">\n\t\t\t\t\t\t\t\t\t\tLinkedIn\t\t\t\t\t\t\t\t\t<\/span>\n\t\t\t\t\t\t\t\t\t\t\t\t\t\t\t\t\t<\/div>\n\t\t\t\t\t\t\t\t\t\t\t\t\t<\/div>\n\t\t\t\t\t<\/div>\n\t\t\t\t\t\t\t\t\t<div class=\"elementor-grid-item\">\n\t\t\t\t\t\t<div\n\t\t\t\t\t\t\tclass=\"elementor-share-btn elementor-share-btn_whatsapp\"\n\t\t\t\t\t\t\trole=\"button\"\n\t\t\t\t\t\t\ttabindex=\"0\"\n\t\t\t\t\t\t\taria-label=\"Share on whatsapp\"\n\t\t\t\t\t\t>\n\t\t\t\t\t\t\t\t\t\t\t\t\t\t\t<span class=\"elementor-share-btn__icon\">\n\t\t\t\t\t\t\t\t<i class=\"fab fa-whatsapp\" aria-hidden=\"true\"><\/i>\t\t\t\t\t\t\t<\/span>\n\t\t\t\t\t\t\t\t\t\t\t\t\t\t\t\t\t\t\t\t\t\t<div class=\"elementor-share-btn__text\">\n\t\t\t\t\t\t\t\t\t\t\t\t\t\t\t\t\t\t\t<span class=\"elementor-share-btn__title\">\n\t\t\t\t\t\t\t\t\t\tWhatsApp\t\t\t\t\t\t\t\t\t<\/span>\n\t\t\t\t\t\t\t\t\t\t\t\t\t\t\t\t\t<\/div>\n\t\t\t\t\t\t\t\t\t\t\t\t\t<\/div>\n\t\t\t\t\t<\/div>\n\t\t\t\t\t\t<\/div>\n\t\t\t\t\t\t<\/div>\n\t\t\t\t<\/div>\n\t\t\t\t<div class=\"elementor-element elementor-element-192f4c3c elementor-widget elementor-widget-spacer\" data-id=\"192f4c3c\" data-element_type=\"widget\" data-widget_type=\"spacer.default\">\n\t\t\t\t<div class=\"elementor-widget-container\">\n\t\t\t\t\t\t\t<div class=\"elementor-spacer\">\n\t\t\t<div class=\"elementor-spacer-inner\"><\/div>\n\t\t<\/div>\n\t\t\t\t\t\t<\/div>\n\t\t\t\t<\/div>\n\t\t\t\t\t<\/div>\n\t\t<\/div>\n\t\t\t\t\t<\/div>\n\t\t<\/section>\n\t\t\t\t<\/div>\n\t\t","protected":false},"excerpt":{"rendered":"<p>Following the interdisciplinary conference \u201cFrom Austerity to Pandemic. Portugal and Europe between crises and innovations\u201d, which took place on the 17th and 18th of June 2021&#8230;<\/p>\n","protected":false},"author":1,"featured_media":51830,"comment_status":"open","ping_status":"open","sticky":false,"template":"elementor_canvas","format":"standard","meta":{"footnotes":""},"categories":[287],"tags":[],"class_list":["post-52054","post","type-post","status-publish","format-standard","has-post-thumbnail","hentry","category-noticias"],"yoast_head":"<!-- This site is optimized with the Yoast SEO plugin v24.7 - https:\/\/yoast.com\/wordpress\/plugins\/seo\/ -->\n<title>Book From Austerity to Pandemic | Observatory of Democracy ISCTE<\/title>\n<meta name=\"description\" content=\"New book from the interdisciplinary conference \u201cFrom Austerity to Pandemic. Portugal and Europe between crises and innovations&quot;.\" \/>\n<meta name=\"robots\" content=\"index, follow, max-snippet:-1, max-image-preview:large, max-video-preview:-1\" \/>\n<link rel=\"canonical\" href=\"https:\/\/observatorio-democracia.pt\/en\/da-austeridade-a-pandemia\/\" \/>\n<meta property=\"og:locale\" content=\"en_US\" \/>\n<meta property=\"og:type\" content=\"article\" \/>\n<meta property=\"og:title\" content=\"Book From Austerity to Pandemic | Observatory of Democracy ISCTE\" \/>\n<meta property=\"og:description\" content=\"New book from the interdisciplinary conference \u201cFrom Austerity to Pandemic. Portugal and Europe between crises and innovations&quot;.\" \/>\n<meta property=\"og:url\" content=\"https:\/\/observatorio-democracia.pt\/en\/da-austeridade-a-pandemia\/\" \/>\n<meta property=\"og:site_name\" content=\"Observat\u00f3rio da Democracia e da Representa\u00e7\u00e3o Pol\u00edtica\" \/>\n<meta property=\"article:publisher\" content=\"https:\/\/www.facebook.com\/observatorio.democracia.representacao.politica\" \/>\n<meta property=\"article:published_time\" content=\"2022-04-27T17:47:25+00:00\" \/>\n<meta property=\"article:modified_time\" content=\"2022-07-12T15:49:54+00:00\" \/>\n<meta property=\"og:image\" content=\"https:\/\/observatorio-democracia.pt\/wp-content\/uploads\/2022\/04\/novo-livro-pandemia-austoridade.jpg\" \/>\n\t<meta property=\"og:image:width\" content=\"1183\" \/>\n\t<meta property=\"og:image:height\" content=\"790\" \/>\n\t<meta property=\"og:image:type\" content=\"image\/jpeg\" \/>\n<meta name=\"author\" content=\"ObservatorioDemocracia\" \/>\n<meta name=\"twitter:card\" content=\"summary_large_image\" \/>\n<meta name=\"twitter:creator\" content=\"@Observatorioda4\" \/>\n<meta name=\"twitter:site\" content=\"@Observatorioda4\" \/>\n<meta name=\"twitter:label1\" content=\"Written by\" \/>\n\t<meta name=\"twitter:data1\" content=\"ObservatorioDemocracia\" \/>\n\t<meta name=\"twitter:label2\" content=\"Est. reading time\" \/>\n\t<meta name=\"twitter:data2\" content=\"2 minutes\" \/>\n<script type=\"application\/ld+json\" class=\"yoast-schema-graph\">{\"@context\":\"https:\/\/schema.org\",\"@graph\":[{\"@type\":\"Article\",\"@id\":\"https:\/\/observatorio-democracia.pt\/en\/da-austeridade-a-pandemia\/#article\",\"isPartOf\":{\"@id\":\"https:\/\/observatorio-democracia.pt\/en\/da-austeridade-a-pandemia\/\"},\"author\":{\"name\":\"ObservatorioDemocracia\",\"@id\":\"https:\/\/observatorio-democracia.pt\/en\/#\/schema\/person\/572a246cb6cd0dd98adc7c1c60c186f6\"},\"headline\":\"New book to be published under the ODRP: &#8220;Da Austeridade \u00e0 Pandemia. Portugal e a Europa entre crises e inova\u00e7\u00f5es&#8221;\",\"datePublished\":\"2022-04-27T17:47:25+00:00\",\"dateModified\":\"2022-07-12T15:49:54+00:00\",\"mainEntityOfPage\":{\"@id\":\"https:\/\/observatorio-democracia.pt\/en\/da-austeridade-a-pandemia\/\"},\"wordCount\":273,\"commentCount\":0,\"publisher\":{\"@id\":\"https:\/\/observatorio-democracia.pt\/en\/#organization\"},\"image\":{\"@id\":\"https:\/\/observatorio-democracia.pt\/en\/da-austeridade-a-pandemia\/#primaryimage\"},\"thumbnailUrl\":\"https:\/\/observatorio-democracia.pt\/wp-content\/uploads\/2022\/04\/novo-livro-pandemia-austoridade-e1701714702719.jpg\",\"articleSection\":[\"Not\u00edcias\"],\"inLanguage\":\"en-US\",\"potentialAction\":[{\"@type\":\"CommentAction\",\"name\":\"Comment\",\"target\":[\"https:\/\/observatorio-democracia.pt\/en\/da-austeridade-a-pandemia\/#respond\"]}]},{\"@type\":\"WebPage\",\"@id\":\"https:\/\/observatorio-democracia.pt\/en\/da-austeridade-a-pandemia\/\",\"url\":\"https:\/\/observatorio-democracia.pt\/en\/da-austeridade-a-pandemia\/\",\"name\":\"Book From Austerity to Pandemic | Observatory of Democracy ISCTE\",\"isPartOf\":{\"@id\":\"https:\/\/observatorio-democracia.pt\/en\/#website\"},\"primaryImageOfPage\":{\"@id\":\"https:\/\/observatorio-democracia.pt\/en\/da-austeridade-a-pandemia\/#primaryimage\"},\"image\":{\"@id\":\"https:\/\/observatorio-democracia.pt\/en\/da-austeridade-a-pandemia\/#primaryimage\"},\"thumbnailUrl\":\"https:\/\/observatorio-democracia.pt\/wp-content\/uploads\/2022\/04\/novo-livro-pandemia-austoridade-e1701714702719.jpg\",\"datePublished\":\"2022-04-27T17:47:25+00:00\",\"dateModified\":\"2022-07-12T15:49:54+00:00\",\"description\":\"New book from the interdisciplinary conference \u201cFrom Austerity to Pandemic. Portugal and Europe between crises and innovations\\\".\",\"breadcrumb\":{\"@id\":\"https:\/\/observatorio-democracia.pt\/en\/da-austeridade-a-pandemia\/#breadcrumb\"},\"inLanguage\":\"en-US\",\"potentialAction\":[{\"@type\":\"ReadAction\",\"target\":[\"https:\/\/observatorio-democracia.pt\/en\/da-austeridade-a-pandemia\/\"]}]},{\"@type\":\"ImageObject\",\"inLanguage\":\"en-US\",\"@id\":\"https:\/\/observatorio-democracia.pt\/en\/da-austeridade-a-pandemia\/#primaryimage\",\"url\":\"https:\/\/observatorio-democracia.pt\/wp-content\/uploads\/2022\/04\/novo-livro-pandemia-austoridade-e1701714702719.jpg\",\"contentUrl\":\"https:\/\/observatorio-democracia.pt\/wp-content\/uploads\/2022\/04\/novo-livro-pandemia-austoridade-e1701714702719.jpg\",\"width\":1183,\"height\":790},{\"@type\":\"BreadcrumbList\",\"@id\":\"https:\/\/observatorio-democracia.pt\/en\/da-austeridade-a-pandemia\/#breadcrumb\",\"itemListElement\":[{\"@type\":\"ListItem\",\"position\":1,\"name\":\"In\u00edcio\",\"item\":\"https:\/\/observatorio-democracia.pt\/en\/\"},{\"@type\":\"ListItem\",\"position\":2,\"name\":\"New book to be published under the ODRP: &#8220;Da Austeridade \u00e0 Pandemia. Portugal e a Europa entre crises e inova\u00e7\u00f5es&#8221;\"}]},{\"@type\":\"WebSite\",\"@id\":\"https:\/\/observatorio-democracia.pt\/en\/#website\",\"url\":\"https:\/\/observatorio-democracia.pt\/en\/\",\"name\":\"Observat\u00f3rio da Democracia e da Representa\u00e7\u00e3o Pol\u00edtica\",\"description\":\"Um bem para a Cidadania\",\"publisher\":{\"@id\":\"https:\/\/observatorio-democracia.pt\/en\/#organization\"},\"potentialAction\":[{\"@type\":\"SearchAction\",\"target\":{\"@type\":\"EntryPoint\",\"urlTemplate\":\"https:\/\/observatorio-democracia.pt\/en\/?s={search_term_string}\"},\"query-input\":{\"@type\":\"PropertyValueSpecification\",\"valueRequired\":true,\"valueName\":\"search_term_string\"}}],\"inLanguage\":\"en-US\"},{\"@type\":\"Organization\",\"@id\":\"https:\/\/observatorio-democracia.pt\/en\/#organization\",\"name\":\"Observat\u00f3rio da Democracia e da Representa\u00e7\u00e3o Pol\u00edtica\",\"url\":\"https:\/\/observatorio-democracia.pt\/en\/\",\"logo\":{\"@type\":\"ImageObject\",\"inLanguage\":\"en-US\",\"@id\":\"https:\/\/observatorio-democracia.pt\/en\/#\/schema\/logo\/image\/\",\"url\":\"https:\/\/observatorio-democracia.pt\/wp-content\/uploads\/2022\/04\/logo-observatorio-democracia-forms.jpg\",\"contentUrl\":\"https:\/\/observatorio-democracia.pt\/wp-content\/uploads\/2022\/04\/logo-observatorio-democracia-forms.jpg\",\"width\":400,\"height\":98,\"caption\":\"Observat\u00f3rio da Democracia e da Representa\u00e7\u00e3o Pol\u00edtica\"},\"image\":{\"@id\":\"https:\/\/observatorio-democracia.pt\/en\/#\/schema\/logo\/image\/\"},\"sameAs\":[\"https:\/\/www.facebook.com\/observatorio.democracia.representacao.politica\",\"https:\/\/x.com\/Observatorioda4\",\"https:\/\/www.instagram.com\/observatoriodrp\/\"]},{\"@type\":\"Person\",\"@id\":\"https:\/\/observatorio-democracia.pt\/en\/#\/schema\/person\/572a246cb6cd0dd98adc7c1c60c186f6\",\"name\":\"ObservatorioDemocracia\",\"image\":{\"@type\":\"ImageObject\",\"inLanguage\":\"en-US\",\"@id\":\"https:\/\/observatorio-democracia.pt\/en\/#\/schema\/person\/image\/\",\"url\":\"https:\/\/secure.gravatar.com\/avatar\/351ae99b9eac0a73f4880491fd78f68b?s=96&d=mm&r=g\",\"contentUrl\":\"https:\/\/secure.gravatar.com\/avatar\/351ae99b9eac0a73f4880491fd78f68b?s=96&d=mm&r=g\",\"caption\":\"ObservatorioDemocracia\"},\"sameAs\":[\"http:\/\/observatorio-democracia.pt\/\"],\"url\":\"https:\/\/observatorio-democracia.pt\/en\/author\/observatoriodemocracia\/\"}]}<\/script>\n<!-- \/ Yoast SEO plugin. -->","yoast_head_json":{"title":"Book From Austerity to Pandemic | Observatory of Democracy ISCTE","description":"New book from the interdisciplinary conference \u201cFrom Austerity to Pandemic. Portugal and Europe between crises and innovations\".","robots":{"index":"index","follow":"follow","max-snippet":"max-snippet:-1","max-image-preview":"max-image-preview:large","max-video-preview":"max-video-preview:-1"},"canonical":"https:\/\/observatorio-democracia.pt\/en\/da-austeridade-a-pandemia\/","og_locale":"en_US","og_type":"article","og_title":"Book From Austerity to Pandemic | Observatory of Democracy ISCTE","og_description":"New book from the interdisciplinary conference \u201cFrom Austerity to Pandemic. Portugal and Europe between crises and innovations\".","og_url":"https:\/\/observatorio-democracia.pt\/en\/da-austeridade-a-pandemia\/","og_site_name":"Observat\u00f3rio da Democracia e da Representa\u00e7\u00e3o Pol\u00edtica","article_publisher":"https:\/\/www.facebook.com\/observatorio.democracia.representacao.politica","article_published_time":"2022-04-27T17:47:25+00:00","article_modified_time":"2022-07-12T15:49:54+00:00","og_image":[{"width":1183,"height":790,"url":"https:\/\/observatorio-democracia.pt\/wp-content\/uploads\/2022\/04\/novo-livro-pandemia-austoridade.jpg","type":"image\/jpeg"}],"author":"ObservatorioDemocracia","twitter_card":"summary_large_image","twitter_creator":"@Observatorioda4","twitter_site":"@Observatorioda4","twitter_misc":{"Written by":"ObservatorioDemocracia","Est. reading time":"2 minutes"},"schema":{"@context":"https:\/\/schema.org","@graph":[{"@type":"Article","@id":"https:\/\/observatorio-democracia.pt\/en\/da-austeridade-a-pandemia\/#article","isPartOf":{"@id":"https:\/\/observatorio-democracia.pt\/en\/da-austeridade-a-pandemia\/"},"author":{"name":"ObservatorioDemocracia","@id":"https:\/\/observatorio-democracia.pt\/en\/#\/schema\/person\/572a246cb6cd0dd98adc7c1c60c186f6"},"headline":"New book to be published under the ODRP: &#8220;Da Austeridade \u00e0 Pandemia. Portugal e a Europa entre crises e inova\u00e7\u00f5es&#8221;","datePublished":"2022-04-27T17:47:25+00:00","dateModified":"2022-07-12T15:49:54+00:00","mainEntityOfPage":{"@id":"https:\/\/observatorio-democracia.pt\/en\/da-austeridade-a-pandemia\/"},"wordCount":273,"commentCount":0,"publisher":{"@id":"https:\/\/observatorio-democracia.pt\/en\/#organization"},"image":{"@id":"https:\/\/observatorio-democracia.pt\/en\/da-austeridade-a-pandemia\/#primaryimage"},"thumbnailUrl":"https:\/\/observatorio-democracia.pt\/wp-content\/uploads\/2022\/04\/novo-livro-pandemia-austoridade-e1701714702719.jpg","articleSection":["Not\u00edcias"],"inLanguage":"en-US","potentialAction":[{"@type":"CommentAction","name":"Comment","target":["https:\/\/observatorio-democracia.pt\/en\/da-austeridade-a-pandemia\/#respond"]}]},{"@type":"WebPage","@id":"https:\/\/observatorio-democracia.pt\/en\/da-austeridade-a-pandemia\/","url":"https:\/\/observatorio-democracia.pt\/en\/da-austeridade-a-pandemia\/","name":"Book From Austerity to Pandemic | Observatory of Democracy ISCTE","isPartOf":{"@id":"https:\/\/observatorio-democracia.pt\/en\/#website"},"primaryImageOfPage":{"@id":"https:\/\/observatorio-democracia.pt\/en\/da-austeridade-a-pandemia\/#primaryimage"},"image":{"@id":"https:\/\/observatorio-democracia.pt\/en\/da-austeridade-a-pandemia\/#primaryimage"},"thumbnailUrl":"https:\/\/observatorio-democracia.pt\/wp-content\/uploads\/2022\/04\/novo-livro-pandemia-austoridade-e1701714702719.jpg","datePublished":"2022-04-27T17:47:25+00:00","dateModified":"2022-07-12T15:49:54+00:00","description":"New book from the interdisciplinary conference \u201cFrom Austerity to Pandemic. Portugal and Europe between crises and innovations\".","breadcrumb":{"@id":"https:\/\/observatorio-democracia.pt\/en\/da-austeridade-a-pandemia\/#breadcrumb"},"inLanguage":"en-US","potentialAction":[{"@type":"ReadAction","target":["https:\/\/observatorio-democracia.pt\/en\/da-austeridade-a-pandemia\/"]}]},{"@type":"ImageObject","inLanguage":"en-US","@id":"https:\/\/observatorio-democracia.pt\/en\/da-austeridade-a-pandemia\/#primaryimage","url":"https:\/\/observatorio-democracia.pt\/wp-content\/uploads\/2022\/04\/novo-livro-pandemia-austoridade-e1701714702719.jpg","contentUrl":"https:\/\/observatorio-democracia.pt\/wp-content\/uploads\/2022\/04\/novo-livro-pandemia-austoridade-e1701714702719.jpg","width":1183,"height":790},{"@type":"BreadcrumbList","@id":"https:\/\/observatorio-democracia.pt\/en\/da-austeridade-a-pandemia\/#breadcrumb","itemListElement":[{"@type":"ListItem","position":1,"name":"In\u00edcio","item":"https:\/\/observatorio-democracia.pt\/en\/"},{"@type":"ListItem","position":2,"name":"New book to be published under the ODRP: &#8220;Da Austeridade \u00e0 Pandemia. Portugal e a Europa entre crises e inova\u00e7\u00f5es&#8221;"}]},{"@type":"WebSite","@id":"https:\/\/observatorio-democracia.pt\/en\/#website","url":"https:\/\/observatorio-democracia.pt\/en\/","name":"Observat\u00f3rio da Democracia e da Representa\u00e7\u00e3o Pol\u00edtica","description":"Um bem para a Cidadania","publisher":{"@id":"https:\/\/observatorio-democracia.pt\/en\/#organization"},"potentialAction":[{"@type":"SearchAction","target":{"@type":"EntryPoint","urlTemplate":"https:\/\/observatorio-democracia.pt\/en\/?s={search_term_string}"},"query-input":{"@type":"PropertyValueSpecification","valueRequired":true,"valueName":"search_term_string"}}],"inLanguage":"en-US"},{"@type":"Organization","@id":"https:\/\/observatorio-democracia.pt\/en\/#organization","name":"Observat\u00f3rio da Democracia e da Representa\u00e7\u00e3o Pol\u00edtica","url":"https:\/\/observatorio-democracia.pt\/en\/","logo":{"@type":"ImageObject","inLanguage":"en-US","@id":"https:\/\/observatorio-democracia.pt\/en\/#\/schema\/logo\/image\/","url":"https:\/\/observatorio-democracia.pt\/wp-content\/uploads\/2022\/04\/logo-observatorio-democracia-forms.jpg","contentUrl":"https:\/\/observatorio-democracia.pt\/wp-content\/uploads\/2022\/04\/logo-observatorio-democracia-forms.jpg","width":400,"height":98,"caption":"Observat\u00f3rio da Democracia e da Representa\u00e7\u00e3o Pol\u00edtica"},"image":{"@id":"https:\/\/observatorio-democracia.pt\/en\/#\/schema\/logo\/image\/"},"sameAs":["https:\/\/www.facebook.com\/observatorio.democracia.representacao.politica","https:\/\/x.com\/Observatorioda4","https:\/\/www.instagram.com\/observatoriodrp\/"]},{"@type":"Person","@id":"https:\/\/observatorio-democracia.pt\/en\/#\/schema\/person\/572a246cb6cd0dd98adc7c1c60c186f6","name":"ObservatorioDemocracia","image":{"@type":"ImageObject","inLanguage":"en-US","@id":"https:\/\/observatorio-democracia.pt\/en\/#\/schema\/person\/image\/","url":"https:\/\/secure.gravatar.com\/avatar\/351ae99b9eac0a73f4880491fd78f68b?s=96&d=mm&r=g","contentUrl":"https:\/\/secure.gravatar.com\/avatar\/351ae99b9eac0a73f4880491fd78f68b?s=96&d=mm&r=g","caption":"ObservatorioDemocracia"},"sameAs":["http:\/\/observatorio-democracia.pt\/"],"url":"https:\/\/observatorio-democracia.pt\/en\/author\/observatoriodemocracia\/"}]}},"_links":{"self":[{"href":"https:\/\/observatorio-democracia.pt\/en\/wp-json\/wp\/v2\/posts\/52054","targetHints":{"allow":["GET"]}}],"collection":[{"href":"https:\/\/observatorio-democracia.pt\/en\/wp-json\/wp\/v2\/posts"}],"about":[{"href":"https:\/\/observatorio-democracia.pt\/en\/wp-json\/wp\/v2\/types\/post"}],"author":[{"embeddable":true,"href":"https:\/\/observatorio-democracia.pt\/en\/wp-json\/wp\/v2\/users\/1"}],"replies":[{"embeddable":true,"href":"https:\/\/observatorio-democracia.pt\/en\/wp-json\/wp\/v2\/comments?post=52054"}],"version-history":[{"count":8,"href":"https:\/\/observatorio-democracia.pt\/en\/wp-json\/wp\/v2\/posts\/52054\/revisions"}],"predecessor-version":[{"id":52662,"href":"https:\/\/observatorio-democracia.pt\/en\/wp-json\/wp\/v2\/posts\/52054\/revisions\/52662"}],"wp:featuredmedia":[{"embeddable":true,"href":"https:\/\/observatorio-democracia.pt\/en\/wp-json\/wp\/v2\/media\/51830"}],"wp:attachment":[{"href":"https:\/\/observatorio-democracia.pt\/en\/wp-json\/wp\/v2\/media?parent=52054"}],"wp:term":[{"taxonomy":"category","embeddable":true,"href":"https:\/\/observatorio-democracia.pt\/en\/wp-json\/wp\/v2\/categories?post=52054"},{"taxonomy":"post_tag","embeddable":true,"href":"https:\/\/observatorio-democracia.pt\/en\/wp-json\/wp\/v2\/tags?post=52054"}],"curies":[{"name":"wp","href":"https:\/\/api.w.org\/{rel}","templated":true}]}}